{"id":83,"date":"2014-11-06T12:06:17","date_gmt":"2014-11-06T12:06:17","guid":{"rendered":"https:\/\/www.umealaia.org\/gipuzkoa\/?p=83"},"modified":"2016-02-17T12:06:36","modified_gmt":"2016-02-17T12:06:36","slug":"jornada-ceib-en-donostia","status":"publish","type":"post","link":"https:\/\/www.umealaia.org\/gipuzkoa\/2014\/11\/06\/jornada-ceib-en-donostia\/","title":{"rendered":"Jornada CEIB en Donostia"},"content":{"rendered":"<div>Os presentamos el programa de la Primera Jornada de Integraci\u00f3n Sensorial en San Sebasti\u00e1n, que organizan desde el\u00a0<span class=\"il\">CEIB e<\/span>l pr\u00f3ximo\u00a0<strong>s\u00e1bado 15 de Noviembre<\/strong>\u00a02014, en el Aquarium de Donostia.<\/div>\n<p>Esta jornada est\u00e1 principalmente dirigida a profesionales y pretende explicar las dificultades de integraci\u00f3n sensorial que presentan los ni\u00f1os en el colegio:<\/p>\n<div>&#8211; hiperactividad<br \/>\n&#8211; d\u00e9ficit de atenci\u00f3n<br \/>\n&#8211; alteraciones conductuales<br \/>\n&#8211; dificultades motrices<br \/>\n&#8211; dificultades de aprendizaje<\/div>\n<div><\/div>\n<div>El idioma de las jornadas ser\u00e1 el castellano.\u00a0Recordad que el precio individual es de 50\u20ac, pero si pod\u00e9is venir en grupo de 3 o m\u00e1s, el precio se reduce a 40\u20ac por persona.<\/div>\n<p>Las Jornada ser\u00e1 el s\u00e1bado por la tarde, de 15 a 20h, y se entregar\u00e1 certificado de asistencia.<\/p>\n<p>Despu\u00e9s de la Jornada todos los asistentes tendr\u00e1n acceso gratuito al Aquarium de Donostia.<\/p>\n<p><a href=\"https:\/\/www.umealaia.org\/gipuzkoa\/wp-content\/uploads\/sites\/2\/2016\/02\/CEIB-Donostia.jpg\" rel=\"attachment wp-att-84\"><img loading=\"lazy\" decoding=\"async\" class=\"alignnone wp-image-84 size-thumbnail\" src=\"https:\/\/www.umealaia.org\/gipuzkoa\/wp-content\/uploads\/sites\/2\/2016\/02\/CEIB-Donostia-150x150.jpg\" alt=\"M\u00e1s informaci\u00f3n\" width=\"150\" height=\"150\" \/><\/a><\/p>\n<p>Equipo del\u00a0<span class=\"il\"><a href=\"http:\/\/www.ceibarcelona.com\/\" target=\"_blank\">CEIB<\/a><\/span><\/p>\n","protected":false},"excerpt":{"rendered":"<p>Os presentamos el programa de la Primera Jornada de Integraci\u00f3n Sensorial en San Sebasti\u00e1n, que organizan desde el\u00a0CEIB el pr\u00f3ximo\u00a0s\u00e1bado 15 de Noviembre\u00a02014, en el Aquarium de Donostia. Esta jornada est\u00e1 principalmente dirigida a profesionales y pretende explicar las dificultades de integraci\u00f3n sensorial que presentan los ni\u00f1os en el colegio: &#8211; hiperactividad &#8211; d\u00e9ficit de [&hellip;]<\/p>\n","protected":false},"author":1,"featured_media":0,"comment_status":"open","ping_status":"open","sticky":false,"template":"","format":"standard","meta":{"_acf_changed":false,"footnotes":""},"categories":[1],"tags":[],"class_list":["post-83","post","type-post","status-publish","format-standard","hentry","category-sin-categorizar"],"acf":[],"_links":{"self":[{"href":"https:\/\/www.umealaia.org\/gipuzkoa\/wp-json\/wp\/v2\/posts\/83","targetHints":{"allow":["GET"]}}],"collection":[{"href":"https:\/\/www.umealaia.org\/gipuzkoa\/wp-json\/wp\/v2\/posts"}],"about":[{"href":"https:\/\/www.umealaia.org\/gipuzkoa\/wp-json\/wp\/v2\/types\/post"}],"author":[{"embeddable":true,"href":"https:\/\/www.umealaia.org\/gipuzkoa\/wp-json\/wp\/v2\/users\/1"}],"replies":[{"embeddable":true,"href":"https:\/\/www.umealaia.org\/gipuzkoa\/wp-json\/wp\/v2\/comments?post=83"}],"version-history":[{"count":1,"href":"https:\/\/www.umealaia.org\/gipuzkoa\/wp-json\/wp\/v2\/posts\/83\/revisions"}],"predecessor-version":[{"id":85,"href":"https:\/\/www.umealaia.org\/gipuzkoa\/wp-json\/wp\/v2\/posts\/83\/revisions\/85"}],"wp:attachment":[{"href":"https:\/\/www.umealaia.org\/gipuzkoa\/wp-json\/wp\/v2\/media?parent=83"}],"wp:term":[{"taxonomy":"category","embeddable":true,"href":"https:\/\/www.umealaia.org\/gipuzkoa\/wp-json\/wp\/v2\/categories?post=83"},{"taxonomy":"post_tag","embeddable":true,"href":"https:\/\/www.umealaia.org\/gipuzkoa\/wp-json\/wp\/v2\/tags?post=83"}],"curies":[{"name":"wp","href":"https:\/\/api.w.org\/{rel}","templated":true}]}}