{"id":6,"date":"2016-02-12T11:32:57","date_gmt":"2016-02-12T11:32:57","guid":{"rendered":"https:\/\/www.umealaia.org\/gipuzkoa\/?p=6"},"modified":"2016-02-17T11:33:16","modified_gmt":"2016-02-17T11:33:16","slug":"jornada-quiero-ser-ella-que-pueda-ser-ayudame-el-lenguaje-la-herramienta-total","status":"publish","type":"post","link":"https:\/\/www.umealaia.org\/gipuzkoa\/2016\/02\/12\/jornada-quiero-ser-ella-que-pueda-ser-ayudame-el-lenguaje-la-herramienta-total\/","title":{"rendered":"JORNADA: \u00abQuiero ser el\/la que pueda ser, AYUDAME. El lenguaje, la herramienta total\u00bb"},"content":{"rendered":"<p>La jornada: \u201cQuiero ser el\/la que pueda ser, AYUDAME. El lenguaje, la herramienta total\u201d la hemos organizado junto a la Asociaci\u00f3n Beroa.<\/p>\n<p><strong>Contenido<\/strong>: \u2022 Obst\u00e1culos para el aprendizaje. \u2022 Obst\u00e1culos para la adaptaci\u00f3n escolar y social. \u2022 Del lenguaje coloquial al lenguaje cognitivo. \u2022 Estrategias de mejora. Queremos ayudar a nuestros hijos en su adaptaci\u00f3n, sobre todo, escolar. Son muchas las dificultades pero mucho menos frecuentes las orientaciones claras, precisas y con base cient\u00edfica, para poder afrontarlas. En la charla os ofreceremos herramientas para trabajar desde la familia en el desarrollo de un lenguaje competente, que les permita avanzar con m\u00e1s seguridad en su proceso. Adem\u00e1s, se os informar\u00e1 de los datos obtenidos en la encuesta sobre los procesos de aprendizaje que se ha realizado telef\u00f3nicamente a los\/as socios\/as.<\/p>\n<p><strong>D\u00eda<\/strong>: S\u00e1bado 20 de febrero<\/p>\n<p><strong>Lugar<\/strong>: Sala Polivalente de Txara 1 Donostia \u2013 San Sebasti\u00e1n.<\/p>\n<p><strong>Hora\/Duraci\u00f3n<\/strong>: de 10:00 a 14:00 horas<\/p>\n<p><strong>Ponentes<\/strong>: Arantza Belastegui, psic\u00f3loga y asesora educativa y Marta Fern\u00e1ndez pedagoga y logopeda especialista en lenguaje.<\/p>\n<p>(Aforo limitado, se ruega confirmar asistencia)<\/p>\n","protected":false},"excerpt":{"rendered":"<p>La jornada: \u201cQuiero ser el\/la que pueda ser, AYUDAME. El lenguaje, la herramienta total\u201d la hemos organizado junto a la Asociaci\u00f3n Beroa. Contenido: \u2022 Obst\u00e1culos para el aprendizaje. \u2022 Obst\u00e1culos para la adaptaci\u00f3n escolar y social. \u2022 Del lenguaje coloquial al lenguaje cognitivo. \u2022 Estrategias de mejora. Queremos ayudar a nuestros hijos en su adaptaci\u00f3n, [&hellip;]<\/p>\n","protected":false},"author":1,"featured_media":0,"comment_status":"open","ping_status":"open","sticky":false,"template":"","format":"standard","meta":{"_acf_changed":false,"footnotes":""},"categories":[1],"tags":[],"class_list":["post-6","post","type-post","status-publish","format-standard","hentry","category-sin-categorizar"],"acf":[],"_links":{"self":[{"href":"https:\/\/www.umealaia.org\/gipuzkoa\/wp-json\/wp\/v2\/posts\/6","targetHints":{"allow":["GET"]}}],"collection":[{"href":"https:\/\/www.umealaia.org\/gipuzkoa\/wp-json\/wp\/v2\/posts"}],"about":[{"href":"https:\/\/www.umealaia.org\/gipuzkoa\/wp-json\/wp\/v2\/types\/post"}],"author":[{"embeddable":true,"href":"https:\/\/www.umealaia.org\/gipuzkoa\/wp-json\/wp\/v2\/users\/1"}],"replies":[{"embeddable":true,"href":"https:\/\/www.umealaia.org\/gipuzkoa\/wp-json\/wp\/v2\/comments?post=6"}],"version-history":[{"count":1,"href":"https:\/\/www.umealaia.org\/gipuzkoa\/wp-json\/wp\/v2\/posts\/6\/revisions"}],"predecessor-version":[{"id":7,"href":"https:\/\/www.umealaia.org\/gipuzkoa\/wp-json\/wp\/v2\/posts\/6\/revisions\/7"}],"wp:attachment":[{"href":"https:\/\/www.umealaia.org\/gipuzkoa\/wp-json\/wp\/v2\/media?parent=6"}],"wp:term":[{"taxonomy":"category","embeddable":true,"href":"https:\/\/www.umealaia.org\/gipuzkoa\/wp-json\/wp\/v2\/categories?post=6"},{"taxonomy":"post_tag","embeddable":true,"href":"https:\/\/www.umealaia.org\/gipuzkoa\/wp-json\/wp\/v2\/tags?post=6"}],"curies":[{"name":"wp","href":"https:\/\/api.w.org\/{rel}","templated":true}]}}