{"id":46,"date":"2015-09-02T11:46:30","date_gmt":"2015-09-02T11:46:30","guid":{"rendered":"https:\/\/www.umealaia.org\/gipuzkoa\/?p=46"},"modified":"2016-02-17T11:48:58","modified_gmt":"2016-02-17T11:48:58","slug":"jornada-la-adolescencia-en-menores-adoptados","status":"publish","type":"post","link":"https:\/\/www.umealaia.org\/gipuzkoa\/2015\/09\/02\/jornada-la-adolescencia-en-menores-adoptados\/","title":{"rendered":"Jornada: \u00abLa adolescencia en menores adoptados\u00bb"},"content":{"rendered":"<p>Ume Alaia Gipuzkoa, Ume Alaia Bizkaia y Ume Alaia Ume Alaia Araba conjuntamente hemos organizado la jornada que se celebrar\u00e1 el pr\u00f3ximo 19 de septiembre en Leioa.<\/p>\n<p>Atenci\u00f3n! nueva ubicaci\u00f3n:<\/p>\n<p>Universidad del Pa\u00eds Vasco\/Euskal Herriko Unibertsitatea<br \/>\nEdificio Biblioteca Central<br \/>\n2\u00aa planta. Sala de Conferencias<br \/>\nB\u00ba Sarriena. Leioa<\/p>\n<p><a href=\"https:\/\/www.umealaia.org\/gipuzkoa\/wp-content\/uploads\/sites\/2\/2016\/02\/jornadaleioa.pdf\" rel=\"\">para saber m\u00e1s<\/a><\/p>\n","protected":false},"excerpt":{"rendered":"<p>Ume Alaia Gipuzkoa, Ume Alaia Bizkaia y Ume Alaia Ume Alaia Araba conjuntamente hemos organizado la jornada que se celebrar\u00e1 el pr\u00f3ximo 19 de septiembre en Leioa. Atenci\u00f3n! nueva ubicaci\u00f3n: Universidad del Pa\u00eds Vasco\/Euskal Herriko Unibertsitatea Edificio Biblioteca Central 2\u00aa planta. Sala de Conferencias B\u00ba Sarriena. Leioa para saber m\u00e1s<\/p>\n","protected":false},"author":1,"featured_media":0,"comment_status":"open","ping_status":"open","sticky":false,"template":"","format":"standard","meta":{"_acf_changed":false,"footnotes":""},"categories":[1],"tags":[],"class_list":["post-46","post","type-post","status-publish","format-standard","hentry","category-sin-categorizar"],"acf":[],"_links":{"self":[{"href":"https:\/\/www.umealaia.org\/gipuzkoa\/wp-json\/wp\/v2\/posts\/46","targetHints":{"allow":["GET"]}}],"collection":[{"href":"https:\/\/www.umealaia.org\/gipuzkoa\/wp-json\/wp\/v2\/posts"}],"about":[{"href":"https:\/\/www.umealaia.org\/gipuzkoa\/wp-json\/wp\/v2\/types\/post"}],"author":[{"embeddable":true,"href":"https:\/\/www.umealaia.org\/gipuzkoa\/wp-json\/wp\/v2\/users\/1"}],"replies":[{"embeddable":true,"href":"https:\/\/www.umealaia.org\/gipuzkoa\/wp-json\/wp\/v2\/comments?post=46"}],"version-history":[{"count":1,"href":"https:\/\/www.umealaia.org\/gipuzkoa\/wp-json\/wp\/v2\/posts\/46\/revisions"}],"predecessor-version":[{"id":48,"href":"https:\/\/www.umealaia.org\/gipuzkoa\/wp-json\/wp\/v2\/posts\/46\/revisions\/48"}],"wp:attachment":[{"href":"https:\/\/www.umealaia.org\/gipuzkoa\/wp-json\/wp\/v2\/media?parent=46"}],"wp:term":[{"taxonomy":"category","embeddable":true,"href":"https:\/\/www.umealaia.org\/gipuzkoa\/wp-json\/wp\/v2\/categories?post=46"},{"taxonomy":"post_tag","embeddable":true,"href":"https:\/\/www.umealaia.org\/gipuzkoa\/wp-json\/wp\/v2\/tags?post=46"}],"curies":[{"name":"wp","href":"https:\/\/api.w.org\/{rel}","templated":true}]}}