{"id":36,"date":"2015-09-16T11:43:44","date_gmt":"2015-09-16T11:43:44","guid":{"rendered":"https:\/\/www.umealaia.org\/gipuzkoa\/?p=36"},"modified":"2016-02-17T11:44:04","modified_gmt":"2016-02-17T11:44:04","slug":"charla-los-trastornos-de-conducta-medicacion-si-o-no","status":"publish","type":"post","link":"https:\/\/www.umealaia.org\/gipuzkoa\/2015\/09\/16\/charla-los-trastornos-de-conducta-medicacion-si-o-no\/","title":{"rendered":"Charla: \u00abLos trastornos de conducta. Medicaci\u00f3n s\u00ed o no\u00bb"},"content":{"rendered":"<p>Esta charla sobre adopci\u00f3n tendr\u00e1 lugar el 26 de septiembre. Se impartir\u00e1 \u00edntegramente en euskera.<\/p>\n<p>No es una actividad exclusiva para socios, por lo tanto os invitamos a asistir acompa\u00f1ados de todas aquellas personas que est\u00e9n interesadas en el tema.<\/p>\n<p>En el contexto de la adopci\u00f3n, los problemas de conducta representan el indicador m\u00e1s visible que pueda mostrar un ni\u00f1o o ni\u00f1a en sus contextos de desarrollo m\u00e1s relevantes: familiar, social y escolar. En numerosas ocasiones, es el indicador-s\u00edntoma de malestar ps\u00edquico m\u00e1s reconocible por los adultos que rodean a la persona menor de edad. Por consiguiente, y siguiendo en la l\u00ednea de las expectativas de los adultos que rodean al ni\u00f1o o ni\u00f1a, es el principal motivo de consulta y aspecto a trav\u00e9s del cual incidir para lograr una evoluci\u00f3n positiva. En este contexto, en la decisi\u00f3n respecto a recurrir a la medicaci\u00f3n hay que tener en cuenta algunos aspectos. Entendiendo que la medicaci\u00f3n debe de ser, en todo caso, un apoyo complementario a un proceso de cambio desde el trabajo terap\u00e9utico.<\/p>\n<p>Lugar: Sala Polivalente de Txara 1 Donostia \u2013 San Sebasti\u00e1n.<\/p>\n<p>Hora\/Duraci\u00f3n: de 11:00 a 13:00 horas<\/p>\n<p>Ponente: Inaxio Grijalba, psic\u00f3logo del equipo del Servicio de Asistencia T\u00e9cnica en Procesos de adopci\u00f3n de la DFG<\/p>\n<p>Habr\u00e1 servicio de ludoteca para mayores de 3 a\u00f1os, previa reserva de plaza, m\u00ednimo con 2 d\u00edas de antelaci\u00f3n.<\/p>\n<p>AFORO LIMITADO, SE RUEGA CONFIRMAR ASISTENCIA.<\/p>\n","protected":false},"excerpt":{"rendered":"<p>Esta charla sobre adopci\u00f3n tendr\u00e1 lugar el 26 de septiembre. Se impartir\u00e1 \u00edntegramente en euskera. No es una actividad exclusiva para socios, por lo tanto os invitamos a asistir acompa\u00f1ados de todas aquellas personas que est\u00e9n interesadas en el tema. En el contexto de la adopci\u00f3n, los problemas de conducta representan el indicador m\u00e1s visible [&hellip;]<\/p>\n","protected":false},"author":1,"featured_media":0,"comment_status":"open","ping_status":"open","sticky":false,"template":"","format":"standard","meta":{"_acf_changed":false,"footnotes":""},"categories":[1],"tags":[],"class_list":["post-36","post","type-post","status-publish","format-standard","hentry","category-sin-categorizar"],"acf":[],"_links":{"self":[{"href":"https:\/\/www.umealaia.org\/gipuzkoa\/wp-json\/wp\/v2\/posts\/36","targetHints":{"allow":["GET"]}}],"collection":[{"href":"https:\/\/www.umealaia.org\/gipuzkoa\/wp-json\/wp\/v2\/posts"}],"about":[{"href":"https:\/\/www.umealaia.org\/gipuzkoa\/wp-json\/wp\/v2\/types\/post"}],"author":[{"embeddable":true,"href":"https:\/\/www.umealaia.org\/gipuzkoa\/wp-json\/wp\/v2\/users\/1"}],"replies":[{"embeddable":true,"href":"https:\/\/www.umealaia.org\/gipuzkoa\/wp-json\/wp\/v2\/comments?post=36"}],"version-history":[{"count":1,"href":"https:\/\/www.umealaia.org\/gipuzkoa\/wp-json\/wp\/v2\/posts\/36\/revisions"}],"predecessor-version":[{"id":37,"href":"https:\/\/www.umealaia.org\/gipuzkoa\/wp-json\/wp\/v2\/posts\/36\/revisions\/37"}],"wp:attachment":[{"href":"https:\/\/www.umealaia.org\/gipuzkoa\/wp-json\/wp\/v2\/media?parent=36"}],"wp:term":[{"taxonomy":"category","embeddable":true,"href":"https:\/\/www.umealaia.org\/gipuzkoa\/wp-json\/wp\/v2\/categories?post=36"},{"taxonomy":"post_tag","embeddable":true,"href":"https:\/\/www.umealaia.org\/gipuzkoa\/wp-json\/wp\/v2\/tags?post=36"}],"curies":[{"name":"wp","href":"https:\/\/api.w.org\/{rel}","templated":true}]}}