{"id":18,"date":"2015-11-22T11:37:47","date_gmt":"2015-11-22T11:37:47","guid":{"rendered":"https:\/\/www.umealaia.org\/gipuzkoa\/?p=18"},"modified":"2016-02-17T11:38:26","modified_gmt":"2016-02-17T11:38:26","slug":"la-adopcion-pelicula","status":"publish","type":"post","link":"https:\/\/www.umealaia.org\/gipuzkoa\/2015\/11\/22\/la-adopcion-pelicula\/","title":{"rendered":"\u00abLa adopci\u00f3n\u00bb Pel\u00edcula"},"content":{"rendered":"<p>La pel\u00edcula LA ADOPCI\u00d3N \u00a0se estren\u00f3 el 13 de noviembre.<strong>\u00a0<\/strong>Estamos en conversaciones\u00a0con la productora y realizar\u00e1n un pase exclusivo para la asociaci\u00f3n,\u00a0os informaremos del lugar, d\u00eda y hora.\u00a0Al finalizar la proyecci\u00f3n habr\u00e1 un debate, en el que contaremos con\u00a0la presencia y participaci\u00f3n de la directora.<\/p>\n<p>Los comentarios de algunas familias adoptivas, que ya la han visto, es que es muy interesante.<\/p>\n<p><em>SINOPSIS<\/em><\/p>\n<p>Una pareja espa\u00f1ola llega a un pa\u00eds del Este a adoptar a un ni\u00f1o. Pero las cosas no van a ser como esperaban. Inmersos en un entorno progresivamente hostil, salen a relucir los conflictos latentes entre ellos. Aun as\u00ed, la determinaci\u00f3n de volver a casa con el ni\u00f1o les llevar\u00e1 a superar todos los obst\u00e1culos que se cruzan por su camino.<\/p>\n<p align=\"center\"><a href=\"https:\/\/www.youtube.com\/watch?v=iIiq5i2GJ6o\" target=\"_blank\">https:\/\/www.youtube.com\/watch?v=iIiq5i2GJ6o<\/a><\/p>\n<p align=\"center\"><a href=\"http:\/\/www.laadopcion.com\/\" target=\"_blank\">www.laadopcion.com<\/a><\/p>\n","protected":false},"excerpt":{"rendered":"<p>La pel\u00edcula LA ADOPCI\u00d3N \u00a0se estren\u00f3 el 13 de noviembre.\u00a0Estamos en conversaciones\u00a0con la productora y realizar\u00e1n un pase exclusivo para la asociaci\u00f3n,\u00a0os informaremos del lugar, d\u00eda y hora.\u00a0Al finalizar la proyecci\u00f3n habr\u00e1 un debate, en el que contaremos con\u00a0la presencia y participaci\u00f3n de la directora. Los comentarios de algunas familias adoptivas, que ya la han [&hellip;]<\/p>\n","protected":false},"author":1,"featured_media":0,"comment_status":"open","ping_status":"open","sticky":false,"template":"","format":"standard","meta":{"_acf_changed":false,"footnotes":""},"categories":[1],"tags":[],"class_list":["post-18","post","type-post","status-publish","format-standard","hentry","category-sin-categorizar"],"acf":[],"_links":{"self":[{"href":"https:\/\/www.umealaia.org\/gipuzkoa\/wp-json\/wp\/v2\/posts\/18","targetHints":{"allow":["GET"]}}],"collection":[{"href":"https:\/\/www.umealaia.org\/gipuzkoa\/wp-json\/wp\/v2\/posts"}],"about":[{"href":"https:\/\/www.umealaia.org\/gipuzkoa\/wp-json\/wp\/v2\/types\/post"}],"author":[{"embeddable":true,"href":"https:\/\/www.umealaia.org\/gipuzkoa\/wp-json\/wp\/v2\/users\/1"}],"replies":[{"embeddable":true,"href":"https:\/\/www.umealaia.org\/gipuzkoa\/wp-json\/wp\/v2\/comments?post=18"}],"version-history":[{"count":1,"href":"https:\/\/www.umealaia.org\/gipuzkoa\/wp-json\/wp\/v2\/posts\/18\/revisions"}],"predecessor-version":[{"id":19,"href":"https:\/\/www.umealaia.org\/gipuzkoa\/wp-json\/wp\/v2\/posts\/18\/revisions\/19"}],"wp:attachment":[{"href":"https:\/\/www.umealaia.org\/gipuzkoa\/wp-json\/wp\/v2\/media?parent=18"}],"wp:term":[{"taxonomy":"category","embeddable":true,"href":"https:\/\/www.umealaia.org\/gipuzkoa\/wp-json\/wp\/v2\/categories?post=18"},{"taxonomy":"post_tag","embeddable":true,"href":"https:\/\/www.umealaia.org\/gipuzkoa\/wp-json\/wp\/v2\/tags?post=18"}],"curies":[{"name":"wp","href":"https:\/\/api.w.org\/{rel}","templated":true}]}}