{"id":13,"date":"2016-01-17T11:35:46","date_gmt":"2016-01-17T11:35:46","guid":{"rendered":"https:\/\/www.umealaia.org\/gipuzkoa\/?p=13"},"modified":"2016-02-17T11:36:18","modified_gmt":"2016-02-17T11:36:18","slug":"la-adopcion-cine-forum","status":"publish","type":"post","link":"https:\/\/www.umealaia.org\/gipuzkoa\/2016\/01\/17\/la-adopcion-cine-forum\/","title":{"rendered":"\u00abLA ADOPCI\u00d3N\u00bb Cine Forum"},"content":{"rendered":"<p>El d\u00eda 30 de enero se proyectar\u00e1 la pel\u00edcula \u00abLa adopci\u00f3n\u00bb en el cine TRUEBA de la Parte Vieja de Donostia a las 11:30 h. Al acabar la proyecci\u00f3n, contaremos con la presencia de la directora, Daniela Fejerman para debatir y comentar la pel\u00edcula, as\u00ed como para expresar dudas o contar las propias experiencias.\u00a0 Alberto Rodriguez, psic\u00f3logo de Agintzari, moderar\u00e1 el debate.<\/p>\n<p>\u201cLA ADOPCI\u00d3N\u201d<\/p>\n<p>Una pareja espa\u00f1ola llega a un pa\u00eds del Este a adoptar a un ni\u00f1o. Pero las cosas no van a ser<br \/>\ncomo esperaban. Inmersos en un entorno progresivamente hostil, salen a relucir los conflictos<br \/>\nlatentes entre ellos. Aun as\u00ed, la determinaci\u00f3n de volver a casa con el ni\u00f1o les llevar\u00e1 a superar<br \/>\ntodos los obst\u00e1culos que se cruzan por su camino.<br \/>\n\u201cLa Adopci\u00f3n\u201d se basa en una historia personal, pero es una pel\u00edcula. La he construido siguiendo<br \/>\nlas leyes de la ficci\u00f3n y dotando por tanto al relato de una progresi\u00f3n, una tensi\u00f3n y un inter\u00e9s<br \/>\ncreciente. Pero nunca, mientras escrib\u00eda, buscaba las localizaciones, rodaba o montaba he querido<br \/>\nperder de vista el anclaje profundamente real de lo narrado. Con ayuda de grandes profesionales<br \/>\ndel cine y de dos protagonistas (Nora Navas, ganadora de un Goya, y Francesc Garrido) que se<br \/>\nentregaron al proyecto con un compromiso radical, creo haber conseguido una historia que respira<br \/>\nverdad. Me gustar\u00eda mucho compartir esta historia con familias que hayan pasado o est\u00e9n pasando<br \/>\npor procesos similares.<\/p>\n","protected":false},"excerpt":{"rendered":"<p>El d\u00eda 30 de enero se proyectar\u00e1 la pel\u00edcula \u00abLa adopci\u00f3n\u00bb en el cine TRUEBA de la Parte Vieja de Donostia a las 11:30 h. Al acabar la proyecci\u00f3n, contaremos con la presencia de la directora, Daniela Fejerman para debatir y comentar la pel\u00edcula, as\u00ed como para expresar dudas o contar las propias experiencias.\u00a0 Alberto [&hellip;]<\/p>\n","protected":false},"author":1,"featured_media":0,"comment_status":"open","ping_status":"open","sticky":false,"template":"","format":"standard","meta":{"_acf_changed":false,"footnotes":""},"categories":[1],"tags":[],"class_list":["post-13","post","type-post","status-publish","format-standard","hentry","category-sin-categorizar"],"acf":[],"_links":{"self":[{"href":"https:\/\/www.umealaia.org\/gipuzkoa\/wp-json\/wp\/v2\/posts\/13","targetHints":{"allow":["GET"]}}],"collection":[{"href":"https:\/\/www.umealaia.org\/gipuzkoa\/wp-json\/wp\/v2\/posts"}],"about":[{"href":"https:\/\/www.umealaia.org\/gipuzkoa\/wp-json\/wp\/v2\/types\/post"}],"author":[{"embeddable":true,"href":"https:\/\/www.umealaia.org\/gipuzkoa\/wp-json\/wp\/v2\/users\/1"}],"replies":[{"embeddable":true,"href":"https:\/\/www.umealaia.org\/gipuzkoa\/wp-json\/wp\/v2\/comments?post=13"}],"version-history":[{"count":1,"href":"https:\/\/www.umealaia.org\/gipuzkoa\/wp-json\/wp\/v2\/posts\/13\/revisions"}],"predecessor-version":[{"id":14,"href":"https:\/\/www.umealaia.org\/gipuzkoa\/wp-json\/wp\/v2\/posts\/13\/revisions\/14"}],"wp:attachment":[{"href":"https:\/\/www.umealaia.org\/gipuzkoa\/wp-json\/wp\/v2\/media?parent=13"}],"wp:term":[{"taxonomy":"category","embeddable":true,"href":"https:\/\/www.umealaia.org\/gipuzkoa\/wp-json\/wp\/v2\/categories?post=13"},{"taxonomy":"post_tag","embeddable":true,"href":"https:\/\/www.umealaia.org\/gipuzkoa\/wp-json\/wp\/v2\/tags?post=13"}],"curies":[{"name":"wp","href":"https:\/\/api.w.org\/{rel}","templated":true}]}}