{"id":126,"date":"2014-05-08T12:27:01","date_gmt":"2014-05-08T12:27:01","guid":{"rendered":"https:\/\/www.umealaia.org\/gipuzkoa\/?p=126"},"modified":"2016-02-17T12:28:11","modified_gmt":"2016-02-17T12:28:11","slug":"implicados-en-la-adopcion-adopzioan-murgildutakoak","status":"publish","type":"post","link":"https:\/\/www.umealaia.org\/gipuzkoa\/2014\/05\/08\/implicados-en-la-adopcion-adopzioan-murgildutakoak\/","title":{"rendered":"Implicados en la Adopci\u00f3n \/ Adopzioan murgildutakoak"},"content":{"rendered":"<p>Esta jornada pretende, como el t\u00edtulo indica, dar un espacio a los protagonistas de la adopci\u00f3n desde los distintos posicionamientos: familia biol\u00f3gica, familia adoptiva, adoptados y profesionales. En \u00e9l, podr\u00e1n compartir lo que para cada uno de ellos ha supuesto y supone su condici\u00f3n. Ser\u00e1n testimonios desde la experiencia y proceso personal de cada uno, que de seguro nos aportar\u00e1n a los padres y profesionales, una perspectiva diferente que nos sirva para reflexionar, aprender y comprender mejor a nuestros propios hijos y c\u00f3mo podemos apoyarles y entenderles a lo largo de su historia vital.<\/p>\n<p>Esta jornada pretende ser un espacio para empatizar, conocer y reconocer cu\u00e1nto duran algunas heridas, c\u00f3mo se puede ayudar a sobrellevarlas y c\u00f3mo de importante es para las personas adoptadas completar su historia e incluso poder iniciar un proceso de b\u00fasqueda de sus or\u00edgenes.<\/p>\n<p><strong>No se recomienda la asistencia de menores de 14 a\u00f1os.<\/strong><\/p>\n<p>Paralelamente, habr\u00e1 distintos talleres y actividades para los ni\u00f1os que acudan, en funci\u00f3n de su edad. El aforo es limitado por\u00a0<strong>lo que ser\u00e1<\/strong>\u00a0<strong><em>imprescindible confirmar la asistencia de los menores antes del 19 de mayo<\/em><\/strong>. Se les dar\u00e1 un hamaiketako.<\/p>\n<p>Desde Ume Alaia Gipuzkoa queremos animaros a participar en esta jornada, hay posibilidad de ir en el veh\u00edculo particular de cada uno o en autob\u00fas, la asociaci\u00f3n pone a vuestra disposici\u00f3n este servicio gratuitamente, para facilitar el desplazamiento de las familias desde Gipuzkoa, para ello necesitamos saber, cuantos de vosotros est\u00e1is interesados en acudir y qu\u00e9 medio de transporte utilizar\u00edais, antes del d\u00eda 19 de mayo.<\/p>\n<p><strong>Lugar:<\/strong> Palacio de congresos Europa &#8211;\u00a0Vitoria-Gasteiz<\/p>\n<p><strong>AFORO LIMITADO confirmar la asistencia antes del 19 de mayo<\/strong><\/p>\n<p><strong>Programa:<\/strong><\/p>\n<p><strong>Modera<\/strong>: Javier M\u00fagica psic\u00f3logo experto en adopci\u00f3n de la\u00a0Cooperativa de iniciativa social Agintzari.<\/p>\n<p><strong>Invitados a las reflexiones:<\/strong><br \/>\n\u2022 Jaime Ledesma psicopedag\u00f3go, maestro de educaci\u00f3n especial,\u00a0mediador familiar en b\u00fasqueda de or\u00edgenes.<br \/>\n\u2022 Chus Villegas, presidenta de la asociaci\u00f3n de madres biol\u00f3gicas\u00a0ALALBA.<br \/>\n\u2022 Cati \u00c1vila, madre adoptiva.<br \/>\n\u2022 Jos\u00e9 \u00c1ngel Gimenez, autor de \u00abInd\u00f3mito y entranable\u00bb: Narraci\u00f3n\u00a0sobre su experiencia personal como familia adoptiva.<br \/>\n\u2022 Carmen Julve, madre adoptiva.<br \/>\n\u2022 Yolanda-lratxe Serrano, presidenta de la asociaci\u00f3n \u00abLa voz de los adoptados\u00bb.<br \/>\n\u2022 Sejal Martinez, joven adoptada internacionalmente.<\/p>\n<p><img loading=\"lazy\" decoding=\"async\" class=\"alignnone size-medium wp-image-127\" src=\"https:\/\/www.umealaia.org\/gipuzkoa\/wp-content\/uploads\/sites\/2\/2016\/02\/Implicados-243x300.jpg\" alt=\"Implicados\" width=\"243\" height=\"300\" srcset=\"https:\/\/www.umealaia.org\/gipuzkoa\/wp-content\/uploads\/sites\/2\/2016\/02\/Implicados-243x300.jpg 243w, https:\/\/www.umealaia.org\/gipuzkoa\/wp-content\/uploads\/sites\/2\/2016\/02\/Implicados.jpg 500w\" sizes=\"auto, (max-width: 243px) 100vw, 243px\" \/><\/p>\n","protected":false},"excerpt":{"rendered":"<p>Esta jornada pretende, como el t\u00edtulo indica, dar un espacio a los protagonistas de la adopci\u00f3n desde los distintos posicionamientos: familia biol\u00f3gica, familia adoptiva, adoptados y profesionales. En \u00e9l, podr\u00e1n compartir lo que para cada uno de ellos ha supuesto y supone su condici\u00f3n. Ser\u00e1n testimonios desde la experiencia y proceso personal de cada uno, [&hellip;]<\/p>\n","protected":false},"author":1,"featured_media":0,"comment_status":"open","ping_status":"open","sticky":false,"template":"","format":"standard","meta":{"_acf_changed":false,"footnotes":""},"categories":[1],"tags":[],"class_list":["post-126","post","type-post","status-publish","format-standard","hentry","category-sin-categorizar"],"acf":[],"_links":{"self":[{"href":"https:\/\/www.umealaia.org\/gipuzkoa\/wp-json\/wp\/v2\/posts\/126","targetHints":{"allow":["GET"]}}],"collection":[{"href":"https:\/\/www.umealaia.org\/gipuzkoa\/wp-json\/wp\/v2\/posts"}],"about":[{"href":"https:\/\/www.umealaia.org\/gipuzkoa\/wp-json\/wp\/v2\/types\/post"}],"author":[{"embeddable":true,"href":"https:\/\/www.umealaia.org\/gipuzkoa\/wp-json\/wp\/v2\/users\/1"}],"replies":[{"embeddable":true,"href":"https:\/\/www.umealaia.org\/gipuzkoa\/wp-json\/wp\/v2\/comments?post=126"}],"version-history":[{"count":1,"href":"https:\/\/www.umealaia.org\/gipuzkoa\/wp-json\/wp\/v2\/posts\/126\/revisions"}],"predecessor-version":[{"id":128,"href":"https:\/\/www.umealaia.org\/gipuzkoa\/wp-json\/wp\/v2\/posts\/126\/revisions\/128"}],"wp:attachment":[{"href":"https:\/\/www.umealaia.org\/gipuzkoa\/wp-json\/wp\/v2\/media?parent=126"}],"wp:term":[{"taxonomy":"category","embeddable":true,"href":"https:\/\/www.umealaia.org\/gipuzkoa\/wp-json\/wp\/v2\/categories?post=126"},{"taxonomy":"post_tag","embeddable":true,"href":"https:\/\/www.umealaia.org\/gipuzkoa\/wp-json\/wp\/v2\/tags?post=126"}],"curies":[{"name":"wp","href":"https:\/\/api.w.org\/{rel}","templated":true}]}}