{"id":111,"date":"2014-07-22T12:19:15","date_gmt":"2014-07-22T12:19:15","guid":{"rendered":"https:\/\/www.umealaia.org\/gipuzkoa\/?p=111"},"modified":"2016-02-17T13:08:33","modified_gmt":"2016-02-17T13:08:33","slug":"hablar-de-adopcion-tambien-cuando-es-dificil","status":"publish","type":"post","link":"https:\/\/www.umealaia.org\/gipuzkoa\/2014\/07\/22\/hablar-de-adopcion-tambien-cuando-es-dificil\/","title":{"rendered":"Hablar de adopci\u00f3n, tambi\u00e9n cuando es dif\u00edcil"},"content":{"rendered":"<p><a href=\"https:\/\/www.umealaia.org\/gipuzkoa\/wp-content\/uploads\/sites\/2\/2016\/02\/AFIN-ARFACyL.jpg\" rel=\"attachment wp-att-112\"><img loading=\"lazy\" decoding=\"async\" class=\"alignnone size-thumbnail wp-image-112\" src=\"https:\/\/www.umealaia.org\/gipuzkoa\/wp-content\/uploads\/sites\/2\/2016\/02\/AFIN-ARFACyL-150x150.jpg\" alt=\"AFIN ARFACyL\" width=\"150\" height=\"150\" \/><\/a><br \/>\nEsta Gu\u00eda es fruto de la colaboraci\u00f3n entre\u00a0<a href=\"http:\/\/www.arfacyl.org\/\" target=\"_blank\">ARFACyL<\/a>, <a href=\"http:\/\/www.coraenlared.org\/\">CORA <\/a>y el\u00a0<a href=\"http:\/\/grupsderecerca.uab.cat\/afin\/\" target=\"_blank\">Grupo de Investigaci\u00f3n AFIN<\/a>.<\/p>\n<p>Hoy en d\u00eda, el discurso adoptivo est\u00e1 presente en nuestras vidas y la mayor\u00eda de las familias adoptivas practica una comunicaci\u00f3n directa con sus hijos e hijas del hecho adoptivo, desde el convencimiento de que ya no es algo a ocultar, sino algo que forma parte de sus vidas, pero \u00bfseguimos hablando de adopci\u00f3n una vez cumplido con este \u201ctr\u00e1mite\u201d?<br \/>\nDesde la experiencia de las asociaciones de familias, sabemos que no es as\u00ed, que hay temas de los que se reh\u00faye, otros se ocultan por dolorosos o que hay familias que pretenden llevar la adopci\u00f3n como algo del pasado de sus hijos y no del presente. Y qu\u00e9 decir de las dificultades para dar respuesta a las noticias sobre tr\u00e1fico de menores en la adopci\u00f3n o preguntas que tocan determinados puntos oscuros, que nos afectan por empat\u00eda o cercan\u00eda a nuestra propia experiencia.<br \/>\nEsta Gu\u00eda pretende ser un instrumento de ayuda a las familias para el di\u00e1logo y la comunicaci\u00f3n con sus hijos e hijas. Se ha buscado dar algunas claves para facilitar una comunicaci\u00f3n sana y abierta dentro de la unidad familiar.<\/p>\n<p>As\u00ed pues, hablemos de todo ello, y de adopci\u00f3n, siempre. \u00a1Adelante! \u00a1Hablemos de adopci\u00f3n!<\/p>\n<p>Gu\u00eda <a href=\"https:\/\/www.umealaia.org\/gipuzkoa\/wp-content\/uploads\/sites\/2\/2014\/07\/GuiaCORA_HABLAR_DE_ADOPCION.pdf\" rel=\"\">Hablar de adopci\u00f3n, tambi\u00e9n cuando es dif\u00edcil<\/a>\u00a0 en formato PDF<\/p>\n","protected":false},"excerpt":{"rendered":"<p>Esta Gu\u00eda es fruto de la colaboraci\u00f3n entre\u00a0ARFACyL, CORA y el\u00a0Grupo de Investigaci\u00f3n AFIN. Hoy en d\u00eda, el discurso adoptivo est\u00e1 presente en nuestras vidas y la mayor\u00eda de las familias adoptivas practica una comunicaci\u00f3n directa con sus hijos e hijas del hecho adoptivo, desde el convencimiento de que ya no es algo a ocultar, [&hellip;]<\/p>\n","protected":false},"author":1,"featured_media":0,"comment_status":"open","ping_status":"open","sticky":false,"template":"","format":"standard","meta":{"_acf_changed":false,"footnotes":""},"categories":[1],"tags":[],"class_list":["post-111","post","type-post","status-publish","format-standard","hentry","category-sin-categorizar"],"acf":[],"_links":{"self":[{"href":"https:\/\/www.umealaia.org\/gipuzkoa\/wp-json\/wp\/v2\/posts\/111","targetHints":{"allow":["GET"]}}],"collection":[{"href":"https:\/\/www.umealaia.org\/gipuzkoa\/wp-json\/wp\/v2\/posts"}],"about":[{"href":"https:\/\/www.umealaia.org\/gipuzkoa\/wp-json\/wp\/v2\/types\/post"}],"author":[{"embeddable":true,"href":"https:\/\/www.umealaia.org\/gipuzkoa\/wp-json\/wp\/v2\/users\/1"}],"replies":[{"embeddable":true,"href":"https:\/\/www.umealaia.org\/gipuzkoa\/wp-json\/wp\/v2\/comments?post=111"}],"version-history":[{"count":3,"href":"https:\/\/www.umealaia.org\/gipuzkoa\/wp-json\/wp\/v2\/posts\/111\/revisions"}],"predecessor-version":[{"id":132,"href":"https:\/\/www.umealaia.org\/gipuzkoa\/wp-json\/wp\/v2\/posts\/111\/revisions\/132"}],"wp:attachment":[{"href":"https:\/\/www.umealaia.org\/gipuzkoa\/wp-json\/wp\/v2\/media?parent=111"}],"wp:term":[{"taxonomy":"category","embeddable":true,"href":"https:\/\/www.umealaia.org\/gipuzkoa\/wp-json\/wp\/v2\/categories?post=111"},{"taxonomy":"post_tag","embeddable":true,"href":"https:\/\/www.umealaia.org\/gipuzkoa\/wp-json\/wp\/v2\/tags?post=111"}],"curies":[{"name":"wp","href":"https:\/\/api.w.org\/{rel}","templated":true}]}}