{"id":9,"date":"2015-09-19T16:11:23","date_gmt":"2015-09-19T15:11:23","guid":{"rendered":"https:\/\/www.umealaia.org\/bizkaia\/?p=9"},"modified":"2022-07-01T08:50:17","modified_gmt":"2022-07-01T07:50:17","slug":"exito-de-la-jornada-sobre-adolescencia","status":"publish","type":"post","link":"https:\/\/www.umealaia.org\/bizkaia\/2015\/09\/19\/exito-de-la-jornada-sobre-adolescencia\/","title":{"rendered":"\u00c9xito de la jornada sobre adolescencia"},"content":{"rendered":"<p>El n\u00famero de Inscripciones fue tan alto que Ume Alaia Bizkaia se vio obligada a buscar una sala a\u00fan m\u00e1s grande.<\/p>\n<p>Respuestas de asistencia como esta invitan a profundizar en este tipo de actividades.<\/p>\n<p>Para quienes asistieron y para quienes no pudieron hacerlo ofrecemos la posibilidad de descargar desde aqu\u00ed algunas de las intervenciones.<\/p>\n<p><a href=\"https:\/\/www.dropbox.com\/s\/z9jmbe2emnbf3jk\/Presentacion%20usada%20por%20Marina%20de%20Santiago.pdf?dl=0\"><strong>Descarga aqu\u00ed la presentaci\u00f3n utlizada por Marina de Santiago<\/strong>.<\/a>\u00a0Marinaadem\u00e1s nos habl\u00f3 de dos libros que consideraba especialmente interesantes:<\/p>\n<p><a href=\"https:\/\/www.amazon.com\/gp\/product\/0674724704\/ref=oh_aui_detailpage_o00_s01?ie=UTF8&amp;psc=1\" target=\"_blank\" rel=\"noopener\"><strong>Romania&#8217;s Abandoned Children: Deprivation, Brain Development, and the Struggle for Recovery<\/strong><\/a><\/p>\n<p><a title=\"Neurofeedback in the Treatment of Developmental Trauma: Calming the Fear-Driven Brain\" href=\"http:\/\/www.amazon.com\/Neurofeedback-Treatment-Developmental-Trauma-Fear-Driven\/dp\/0393707865\/ref=sr_1_1?ie=UTF8&amp;qid=1442848147&amp;sr=8-1&amp;keywords=neurofeedback+trauma\" target=\"_blank\" rel=\"noopener\"><strong>Neurofeedback in the Treatment of Developmental Trauma: Calming the Fear-Driven Brain<\/strong><\/a><\/p>\n<p>Alberto Rodriguez y Arantza Llona, de Agintzari nos hablaron sobre el Duelo en las personas adoptadas,<strong>\u00a0<a href=\"https:\/\/www.dropbox.com\/s\/16bjpme2ws8penw\/Presentacion%20de%20alberto%20RODRIGUEZy%20Arantza%20LLONA.pdf?dl=0\">tambi\u00e9n puedes descargar aqu\u00ed la presentaci\u00f3n que utilizaron<\/a>.<\/strong><\/p>\n<p>Lamentablemente, por problemas t\u00e9cnicos, no podemos disponer de la grabaci\u00f3n de las jornadas.<\/p>\n","protected":false},"excerpt":{"rendered":"<p>El n\u00famero de Inscripciones fue tan alto que Ume Alaia Bizkaia se vio obligada a buscar una sala a\u00fan m\u00e1s grande. Respuestas de asistencia como esta invitan a profundizar en este tipo de actividades. Para quienes asistieron y para quienes no pudieron hacerlo ofrecemos la posibilidad de descargar desde aqu\u00ed algunas de las intervenciones. Descarga [&hellip;]<\/p>\n","protected":false},"author":1,"featured_media":0,"comment_status":"open","ping_status":"open","sticky":false,"template":"","format":"standard","meta":{"_acf_changed":false,"footnotes":""},"categories":[1],"tags":[],"class_list":["post-9","post","type-post","status-publish","format-standard","hentry","category-sin-categorizar"],"acf":[],"_links":{"self":[{"href":"https:\/\/www.umealaia.org\/bizkaia\/wp-json\/wp\/v2\/posts\/9","targetHints":{"allow":["GET"]}}],"collection":[{"href":"https:\/\/www.umealaia.org\/bizkaia\/wp-json\/wp\/v2\/posts"}],"about":[{"href":"https:\/\/www.umealaia.org\/bizkaia\/wp-json\/wp\/v2\/types\/post"}],"author":[{"embeddable":true,"href":"https:\/\/www.umealaia.org\/bizkaia\/wp-json\/wp\/v2\/users\/1"}],"replies":[{"embeddable":true,"href":"https:\/\/www.umealaia.org\/bizkaia\/wp-json\/wp\/v2\/comments?post=9"}],"version-history":[{"count":3,"href":"https:\/\/www.umealaia.org\/bizkaia\/wp-json\/wp\/v2\/posts\/9\/revisions"}],"predecessor-version":[{"id":235,"href":"https:\/\/www.umealaia.org\/bizkaia\/wp-json\/wp\/v2\/posts\/9\/revisions\/235"}],"wp:attachment":[{"href":"https:\/\/www.umealaia.org\/bizkaia\/wp-json\/wp\/v2\/media?parent=9"}],"wp:term":[{"taxonomy":"category","embeddable":true,"href":"https:\/\/www.umealaia.org\/bizkaia\/wp-json\/wp\/v2\/categories?post=9"},{"taxonomy":"post_tag","embeddable":true,"href":"https:\/\/www.umealaia.org\/bizkaia\/wp-json\/wp\/v2\/tags?post=9"}],"curies":[{"name":"wp","href":"https:\/\/api.w.org\/{rel}","templated":true}]}}