{"id":4,"date":"2016-01-31T16:08:04","date_gmt":"2016-01-31T15:08:04","guid":{"rendered":"https:\/\/www.umealaia.org\/bizkaia\/?p=4"},"modified":"2022-07-01T08:48:38","modified_gmt":"2022-07-01T07:48:38","slug":"pase-especial-de-la-pelicula-la-adopcion","status":"publish","type":"post","link":"https:\/\/www.umealaia.org\/bizkaia\/2016\/01\/31\/pase-especial-de-la-pelicula-la-adopcion\/","title":{"rendered":"Pase especial de la pel\u00edcula \u201cLa Adopci\u00f3n\u201d"},"content":{"rendered":"<div class=\"pjustificado tiny\">\n<p><img loading=\"lazy\" decoding=\"async\" class=\"alignnone size-medium wp-image-5\" src=\"https:\/\/www.umealaia.org\/bizkaia\/wp-content\/uploads\/sites\/4\/2016\/02\/adopcion-300x202.png\" alt=\"adopcion\" width=\"300\" height=\"202\" srcset=\"https:\/\/www.umealaia.org\/bizkaia\/wp-content\/uploads\/sites\/4\/2016\/02\/adopcion-300x202.png 300w, https:\/\/www.umealaia.org\/bizkaia\/wp-content\/uploads\/sites\/4\/2016\/02\/adopcion.png 500w\" sizes=\"auto, (max-width: 300px) 100vw, 300px\" \/><\/p>\n<p>Queridas socias y socios,<br \/>\nComenzamos las actividades de este a\u00f1o con un pase especial de la pel\u00edcula \u201cLa Adopci\u00f3n\u201d de Daniela Fejerman<\/p>\n<p>Fecha: domingo 31 de enero<\/p>\n<p>Donde: en los Multicines de Bilbao, situados en Jos\u00e9 Mar\u00eda Escuza 13-15<\/p>\n<p>Hora: a las 12 de la ma\u00f1ana.<br \/>\nContaremos con la presencia de la directora, Daniela Fejerman y habr\u00e1 un coloquio posterior con los asistentes a la proyecci\u00f3n.<br \/>\nLa entrada ser\u00e1 gratuita para socios por lo que es necesario apuntarse llamando por tel\u00e9fono a la asociaci\u00f3n:\u00a0<strong>688 64 92 82<\/strong><\/p>\n<p><em><strong> Sinopsis<\/strong>:<\/em><\/p>\n<p>Una pareja espa\u00f1ola llega a un pa\u00eds del Este a adoptar a un ni\u00f1o. Pero las cosas no van a ser como esperaban. Inmersos en un entorno progresivamente hostil, salen a relucir los conflictos latentes entre ellos. Aun as\u00ed, la determinaci\u00f3n de volver a casa con el ni\u00f1o les llevar\u00e1 a superar todos los obst\u00e1culos que se cruzan por su camino.<\/p>\n<p><strong><em>Notas de la directora \u201cLa Adopci\u00f3n\u201d:<\/em><\/strong><\/p>\n<p><em>Se basa en una historia personal, pero es una pel\u00edcula. La he construido siguiendo las leyes de la ficci\u00f3n y dotando por tanto al relato de una progresi\u00f3n, una tensi\u00f3n y un inter\u00e9s creciente. Pero nunca, mientras escrib\u00eda, buscaba las localizaciones, rodaba o montaba, he querido perder de vista el anclaje profundamente real de lo narrado.<\/em><\/p>\n<p><em>Con ayuda de grandes profesionales del cine y de dos protagonistas (Nora Navas, ganadora de un Goya, y Francesc Garrido) que se entregaron al proyecto con un compromiso radical, creo haber conseguido una historia que respira verdad. <\/em><\/p>\n<p><em>Me gustar\u00eda mucho compartir esta historia con familias que hayan pasado o est\u00e9n pasando por procesos similares.<\/em><\/p>\n<p><em> Me gustar\u00eda que la pel\u00edcula fuera una ocasi\u00f3n para el encuentro y el intercambio de ideas y experiencias.<\/em><\/p>\n<\/div>\n","protected":false},"excerpt":{"rendered":"<p>Queridas socias y socios, Comenzamos las actividades de este a\u00f1o con un pase especial de la pel\u00edcula \u201cLa Adopci\u00f3n\u201d de Daniela Fejerman Fecha: domingo 31 de enero Donde: en los Multicines de Bilbao, situados en Jos\u00e9 Mar\u00eda Escuza 13-15 Hora: a las 12 de la ma\u00f1ana. Contaremos con la presencia de la directora, Daniela Fejerman [&hellip;]<\/p>\n","protected":false},"author":1,"featured_media":0,"comment_status":"open","ping_status":"open","sticky":false,"template":"","format":"standard","meta":{"_acf_changed":false,"footnotes":""},"categories":[1],"tags":[],"class_list":["post-4","post","type-post","status-publish","format-standard","hentry","category-sin-categorizar"],"acf":[],"_links":{"self":[{"href":"https:\/\/www.umealaia.org\/bizkaia\/wp-json\/wp\/v2\/posts\/4","targetHints":{"allow":["GET"]}}],"collection":[{"href":"https:\/\/www.umealaia.org\/bizkaia\/wp-json\/wp\/v2\/posts"}],"about":[{"href":"https:\/\/www.umealaia.org\/bizkaia\/wp-json\/wp\/v2\/types\/post"}],"author":[{"embeddable":true,"href":"https:\/\/www.umealaia.org\/bizkaia\/wp-json\/wp\/v2\/users\/1"}],"replies":[{"embeddable":true,"href":"https:\/\/www.umealaia.org\/bizkaia\/wp-json\/wp\/v2\/comments?post=4"}],"version-history":[{"count":5,"href":"https:\/\/www.umealaia.org\/bizkaia\/wp-json\/wp\/v2\/posts\/4\/revisions"}],"predecessor-version":[{"id":231,"href":"https:\/\/www.umealaia.org\/bizkaia\/wp-json\/wp\/v2\/posts\/4\/revisions\/231"}],"wp:attachment":[{"href":"https:\/\/www.umealaia.org\/bizkaia\/wp-json\/wp\/v2\/media?parent=4"}],"wp:term":[{"taxonomy":"category","embeddable":true,"href":"https:\/\/www.umealaia.org\/bizkaia\/wp-json\/wp\/v2\/categories?post=4"},{"taxonomy":"post_tag","embeddable":true,"href":"https:\/\/www.umealaia.org\/bizkaia\/wp-json\/wp\/v2\/tags?post=4"}],"curies":[{"name":"wp","href":"https:\/\/api.w.org\/{rel}","templated":true}]}}