{"id":21,"date":"2016-02-22T16:18:23","date_gmt":"2016-02-22T15:18:23","guid":{"rendered":"https:\/\/www.umealaia.org\/bizkaia\/?p=21"},"modified":"2022-07-01T08:47:51","modified_gmt":"2022-07-01T07:47:51","slug":"decalogo-escuela-y-adopcion","status":"publish","type":"post","link":"https:\/\/www.umealaia.org\/bizkaia\/2016\/02\/22\/decalogo-escuela-y-adopcion\/","title":{"rendered":"Dec\u00e1logo Escuela y Adopci\u00f3n"},"content":{"rendered":"<p><img loading=\"lazy\" decoding=\"async\" class=\"alignnone size-medium wp-image-22\" src=\"https:\/\/www.umealaia.org\/bizkaia\/wp-content\/uploads\/sites\/4\/2016\/02\/decalogo-300x199.png\" alt=\"decalogo\" width=\"300\" height=\"199\" srcset=\"https:\/\/www.umealaia.org\/bizkaia\/wp-content\/uploads\/sites\/4\/2016\/02\/decalogo-300x199.png 300w, https:\/\/www.umealaia.org\/bizkaia\/wp-content\/uploads\/sites\/4\/2016\/02\/decalogo.png 500w\" sizes=\"auto, (max-width: 300px) 100vw, 300px\" \/><\/p>\n<p>El \u00abDec\u00e1logo Escuela y adopci\u00f3n\u00bb\u00a0\u00a0ha sido aprobado por las 29 asociaciones de familias adoptivas y personas adoptadas que componen la Federaci\u00f3n Coordinadora de Asociaciones en Defensa de la Adopci\u00f3n y el Acogimiento (CORA) y es fruto del esfuerzo de la Comisi\u00f3n de Educaci\u00f3n de CORA conformada por diferentes profesionales tanto del mundo de la educaci\u00f3n, del trabajo social, de la psicolog\u00eda y de la adopci\u00f3n.<\/p>\n<p><a href=\"https:\/\/www.umealaia.org\/bizkaia\/wp-content\/uploads\/sites\/4\/2016\/02\/noticia_23.pdf\" rel=\"\">Dec\u00e1logo Escuela y adopci\u00f3n<\/a><\/p>\n","protected":false},"excerpt":{"rendered":"<p>El \u00abDec\u00e1logo Escuela y adopci\u00f3n\u00bb\u00a0\u00a0ha sido aprobado por las 29 asociaciones de familias adoptivas y personas adoptadas que componen la Federaci\u00f3n Coordinadora de Asociaciones en Defensa de la Adopci\u00f3n y el Acogimiento (CORA) y es fruto del esfuerzo de la Comisi\u00f3n de Educaci\u00f3n de CORA conformada por diferentes profesionales tanto del mundo de la educaci\u00f3n, [&hellip;]<\/p>\n","protected":false},"author":1,"featured_media":0,"comment_status":"open","ping_status":"open","sticky":false,"template":"","format":"standard","meta":{"_acf_changed":false,"footnotes":""},"categories":[1],"tags":[],"class_list":["post-21","post","type-post","status-publish","format-standard","hentry","category-sin-categorizar"],"acf":[],"_links":{"self":[{"href":"https:\/\/www.umealaia.org\/bizkaia\/wp-json\/wp\/v2\/posts\/21","targetHints":{"allow":["GET"]}}],"collection":[{"href":"https:\/\/www.umealaia.org\/bizkaia\/wp-json\/wp\/v2\/posts"}],"about":[{"href":"https:\/\/www.umealaia.org\/bizkaia\/wp-json\/wp\/v2\/types\/post"}],"author":[{"embeddable":true,"href":"https:\/\/www.umealaia.org\/bizkaia\/wp-json\/wp\/v2\/users\/1"}],"replies":[{"embeddable":true,"href":"https:\/\/www.umealaia.org\/bizkaia\/wp-json\/wp\/v2\/comments?post=21"}],"version-history":[{"count":5,"href":"https:\/\/www.umealaia.org\/bizkaia\/wp-json\/wp\/v2\/posts\/21\/revisions"}],"predecessor-version":[{"id":230,"href":"https:\/\/www.umealaia.org\/bizkaia\/wp-json\/wp\/v2\/posts\/21\/revisions\/230"}],"wp:attachment":[{"href":"https:\/\/www.umealaia.org\/bizkaia\/wp-json\/wp\/v2\/media?parent=21"}],"wp:term":[{"taxonomy":"category","embeddable":true,"href":"https:\/\/www.umealaia.org\/bizkaia\/wp-json\/wp\/v2\/categories?post=21"},{"taxonomy":"post_tag","embeddable":true,"href":"https:\/\/www.umealaia.org\/bizkaia\/wp-json\/wp\/v2\/tags?post=21"}],"curies":[{"name":"wp","href":"https:\/\/api.w.org\/{rel}","templated":true}]}}