{"id":17,"date":"2014-11-10T16:15:04","date_gmt":"2014-11-10T15:15:04","guid":{"rendered":"https:\/\/www.umealaia.org\/bizkaia\/?p=17"},"modified":"2022-07-01T08:50:55","modified_gmt":"2022-07-01T07:50:55","slug":"guia-cora","status":"publish","type":"post","link":"https:\/\/www.umealaia.org\/bizkaia\/2014\/11\/10\/guia-cora\/","title":{"rendered":"GU\u00cdA CORA"},"content":{"rendered":"<div class=\"pjustificado tiny\">\n<p align=\"LEFT\"><img loading=\"lazy\" decoding=\"async\" class=\"alignnone size-full wp-image-19\" src=\"https:\/\/www.umealaia.org\/bizkaia\/wp-content\/uploads\/sites\/4\/2016\/02\/cora.png\" alt=\"cora\" width=\"133\" height=\"86\" \/><\/p>\n<p align=\"LEFT\"><strong><em>\u00bb HABLAR DE LA ADOPCI\u00d3N TAMBI\u00c9N CUANDO ES DIF\u00cdCIL\u00bb<\/em><\/strong><\/p>\n<p align=\"LEFT\">PRESENTACION DE LA GU\u00cdA:<\/p>\n<p align=\"LEFT\"><em>Esta Gu\u00eda que tienes delante\u00a0es fruto de la colaboraci\u00f3n entre diferentes entidades implicadas en la adopci\u00f3n: de un lado, la Asociaci\u00f3n Regional de Familias Adoptantes de Castilla y Le\u00f3n, ARFACyL, y la Federaci\u00f3n Coordinadora de Asociaciones en Defensa de la Adopci\u00f3n y el Acogimiento, CORA, que han actuado como impulsoras del proyecto; del otro, el Grupo de Investigaci\u00f3n AFIN que ha sido quien la ha materializado. Creemos que a partir de este proyecto se podr\u00e1 dar continuidad a otras colaboraciones que esperamos desemboquen en nuevas y futuras publicaciones.<\/em><\/p>\n<p align=\"LEFT\"><em>\u00bfPor qu\u00e9 una gu\u00eda para hablar de adopci\u00f3n en estos tiempos, en los que parece que este es un tema ya superado? Efectivamente, la adopci\u00f3n se ha visibilizado, asentado, normalizado incluso. El discurso adoptivo est\u00e1 presente en nuestras vidas y la mayor\u00eda de las familias adoptivas practica una comunicaci\u00f3n directa con sus hijos e hijas del hecho adoptivo, desde el convencimiento de que ya no es algo a ocultar, sino algo que forma parte de sus vidas, pero \u00bfseguimos hablando de adopci\u00f3n una vez cumplido con este \u201ctr\u00e1mite\u201d?<\/em><\/p>\n<p align=\"LEFT\"><em>Desde la experiencia de las asociaciones de familias, sabemos que no es as\u00ed, que hay temas de los que se reh\u00faye, otros se ocultan por dolorosos o que hay familias que pretenden llevar la adopci\u00f3n como algo del pasado de sus hijos y no del presente. Y qu\u00e9 decir de las dificultades para dar respuesta a las noticias sobre tr\u00e1fico de menores en la adopci\u00f3n o preguntas que tocan determinados puntos oscuros, que nos afectan por empat\u00eda o cercan\u00eda a nuestra propia experiencia.<\/em><\/p>\n<p align=\"LEFT\"><em>Esta Gu\u00eda pretende ser un instrumento de ayuda a las familias para el di\u00e1logo y la comunicaci\u00f3n con sus hijos e hijas. Se ha buscado dar algunas claves para facilitar una comunicaci\u00f3n sana y abierta dentro de la unidad familiar. A partir de ah\u00ed podr\u00e1n surgir otras necesidades, c\u00f3mo la b\u00fasqueda de los or\u00edgenes, un tema que esta Gu\u00eda no aborda, ya que por su complejidad e importancia requerir\u00eda de una exclusiva. El conocimiento de los or\u00edgenes es un derecho de las personas adoptadas y tambi\u00e9n un elemento importante para la construcci\u00f3n de una identidad sana. La mediaci\u00f3n familiar constituye una pieza fundamental para ello.<\/em><\/p>\n<p align=\"LEFT\"><em>Terminamos agradeciendo a todos los que de una u otra forma han participado o inspirado esta gu\u00eda. No olvidamos a los adultos adoptados, cuyos testimonios y relatos de vida nos han ayudado a entender la importancia de superar los tab\u00faes para afrontar de forma clara y abierta la comunicaci\u00f3n sobre la adopci\u00f3n. As\u00ed pues, hablemos de todo ello, y de adopci\u00f3n, siempre. \u00a1Adelante! \u00a1Hablemos de adopci\u00f3n!<\/em><\/p>\n<p align=\"LEFT\"><a href=\"https:\/\/www.umealaia.org\/bizkaia\/wp-content\/uploads\/sites\/4\/2016\/02\/noticia_41.pdf\" rel=\"\">noticia_41<\/a><\/p>\n<\/div>\n","protected":false},"excerpt":{"rendered":"<p>\u00bb HABLAR DE LA ADOPCI\u00d3N TAMBI\u00c9N CUANDO ES DIF\u00cdCIL\u00bb PRESENTACION DE LA GU\u00cdA: Esta Gu\u00eda que tienes delante\u00a0es fruto de la colaboraci\u00f3n entre diferentes entidades implicadas en la adopci\u00f3n: de un lado, la Asociaci\u00f3n Regional de Familias Adoptantes de Castilla y Le\u00f3n, ARFACyL, y la Federaci\u00f3n Coordinadora de Asociaciones en Defensa de la Adopci\u00f3n y [&hellip;]<\/p>\n","protected":false},"author":1,"featured_media":0,"comment_status":"open","ping_status":"open","sticky":false,"template":"","format":"standard","meta":{"_acf_changed":false,"footnotes":""},"categories":[1],"tags":[],"class_list":["post-17","post","type-post","status-publish","format-standard","hentry","category-sin-categorizar"],"acf":[],"_links":{"self":[{"href":"https:\/\/www.umealaia.org\/bizkaia\/wp-json\/wp\/v2\/posts\/17","targetHints":{"allow":["GET"]}}],"collection":[{"href":"https:\/\/www.umealaia.org\/bizkaia\/wp-json\/wp\/v2\/posts"}],"about":[{"href":"https:\/\/www.umealaia.org\/bizkaia\/wp-json\/wp\/v2\/types\/post"}],"author":[{"embeddable":true,"href":"https:\/\/www.umealaia.org\/bizkaia\/wp-json\/wp\/v2\/users\/1"}],"replies":[{"embeddable":true,"href":"https:\/\/www.umealaia.org\/bizkaia\/wp-json\/wp\/v2\/comments?post=17"}],"version-history":[{"count":3,"href":"https:\/\/www.umealaia.org\/bizkaia\/wp-json\/wp\/v2\/posts\/17\/revisions"}],"predecessor-version":[{"id":238,"href":"https:\/\/www.umealaia.org\/bizkaia\/wp-json\/wp\/v2\/posts\/17\/revisions\/238"}],"wp:attachment":[{"href":"https:\/\/www.umealaia.org\/bizkaia\/wp-json\/wp\/v2\/media?parent=17"}],"wp:term":[{"taxonomy":"category","embeddable":true,"href":"https:\/\/www.umealaia.org\/bizkaia\/wp-json\/wp\/v2\/categories?post=17"},{"taxonomy":"post_tag","embeddable":true,"href":"https:\/\/www.umealaia.org\/bizkaia\/wp-json\/wp\/v2\/tags?post=17"}],"curies":[{"name":"wp","href":"https:\/\/api.w.org\/{rel}","templated":true}]}}