{"id":15,"date":"2015-02-03T16:14:18","date_gmt":"2015-02-03T15:14:18","guid":{"rendered":"https:\/\/www.umealaia.org\/bizkaia\/?p=15"},"modified":"2022-07-01T08:50:43","modified_gmt":"2022-07-01T07:50:43","slug":"otras-actividades-que-estamos-organizando","status":"publish","type":"post","link":"https:\/\/www.umealaia.org\/bizkaia\/2015\/02\/03\/otras-actividades-que-estamos-organizando\/","title":{"rendered":"OTRAS ACTIVIDADES QUE ESTAMOS ORGANIZANDO"},"content":{"rendered":"<p>Tambi\u00e9n os adelantamos estos cursos con interesantes t\u00e9cnicas y formaci\u00f3n, de los que se\u00a0 confirmara fechas y lugar tan pronto sea posible.<\/p>\n<table border=\"0\" cellspacing=\"0\" cellpadding=\"0\">\n<tbody>\n<tr>\n<td colspan=\"5\" width=\"581\">\n<p align=\"center\"><strong>CURSOS\u00a0 A\u00a0 DEFINIR\u00a0 FECHA\u00a0 ENTRE\u00a0 ABRIL\u00a0 Y\u00a0 MAYO\u00a0 2015<\/strong><\/p>\n<\/td>\n<\/tr>\n<tr>\n<td width=\"44\">\n<p align=\"center\"><em>1<\/em><\/p>\n<\/td>\n<td width=\"170\">\n<p align=\"center\"><em>TECNICAS DE RELAJACION<\/em><\/p>\n<\/td>\n<td width=\"73\">\n<p align=\"center\"><em>Padres y madres<\/em><\/p>\n<p align=\"center\"><em>\u00a0<\/em><\/p>\n<\/td>\n<td width=\"196\">\n<p align=\"center\"><em>Psic\u00f3loga experta en comunicaci\u00f3n, t\u00e9cnicas resoluci\u00f3n de conflictos, dejaci\u00f3n<\/em><\/p>\n<\/td>\n<td width=\"99\">\n<p align=\"center\"><em>3 sesiones de 3 horas\/d\u00eda\u00a0 Viernes o s\u00e1bado<\/em><\/p>\n<\/td>\n<\/tr>\n<tr>\n<td width=\"44\">\n<p align=\"center\"><em>2<\/em><\/p>\n<\/td>\n<td width=\"170\">\n<p align=\"center\"><em>RELACIONES FAMILIARES Y ADOLESCENCIA<\/em><\/p>\n<\/td>\n<td width=\"73\">\n<p align=\"center\"><em>Padres y madres<\/em><\/p>\n<p align=\"center\"><em>\u00a0<\/em><\/p>\n<\/td>\n<td width=\"196\">\n<p align=\"center\"><em>Psic\u00f3loga experta en comunicaci\u00f3n, t\u00e9cnicas resoluci\u00f3n de conflictos, relaci\u00f3n<\/em><\/p>\n<\/td>\n<td width=\"99\">\n<p align=\"center\"><em>3-4 sesiones de 3 horas\/d\u00eda\u00a0 Viernes o s\u00e1bado<\/em><\/p>\n<\/td>\n<\/tr>\n<tr>\n<td width=\"44\">\n<p align=\"center\"><em>3<\/em><\/p>\n<\/td>\n<td width=\"170\">\n<p align=\"center\"><em>MINDFULNESS<\/em><\/p>\n<\/td>\n<td width=\"73\">\n<p align=\"center\"><em>Padres y madres<\/em><\/p>\n<p align=\"center\"><em>\u00a0<\/em><\/p>\n<\/td>\n<td width=\"196\">\n<p align=\"center\"><em>A determinar<\/em><\/p>\n<\/td>\n<td width=\"99\">\n<p align=\"center\"><em>A determinar<\/em><\/p>\n<\/td>\n<\/tr>\n<\/tbody>\n<\/table>\n<p>&nbsp;<\/p>\n","protected":false},"excerpt":{"rendered":"<p>Tambi\u00e9n os adelantamos estos cursos con interesantes t\u00e9cnicas y formaci\u00f3n, de los que se\u00a0 confirmara fechas y lugar tan pronto sea posible. CURSOS\u00a0 A\u00a0 DEFINIR\u00a0 FECHA\u00a0 ENTRE\u00a0 ABRIL\u00a0 Y\u00a0 MAYO\u00a0 2015 1 TECNICAS DE RELAJACION Padres y madres \u00a0 Psic\u00f3loga experta en comunicaci\u00f3n, t\u00e9cnicas resoluci\u00f3n de conflictos, dejaci\u00f3n 3 sesiones de 3 horas\/d\u00eda\u00a0 Viernes o [&hellip;]<\/p>\n","protected":false},"author":1,"featured_media":0,"comment_status":"open","ping_status":"open","sticky":false,"template":"","format":"standard","meta":{"_acf_changed":false,"footnotes":""},"categories":[1],"tags":[],"class_list":["post-15","post","type-post","status-publish","format-standard","hentry","category-sin-categorizar"],"acf":[],"_links":{"self":[{"href":"https:\/\/www.umealaia.org\/bizkaia\/wp-json\/wp\/v2\/posts\/15","targetHints":{"allow":["GET"]}}],"collection":[{"href":"https:\/\/www.umealaia.org\/bizkaia\/wp-json\/wp\/v2\/posts"}],"about":[{"href":"https:\/\/www.umealaia.org\/bizkaia\/wp-json\/wp\/v2\/types\/post"}],"author":[{"embeddable":true,"href":"https:\/\/www.umealaia.org\/bizkaia\/wp-json\/wp\/v2\/users\/1"}],"replies":[{"embeddable":true,"href":"https:\/\/www.umealaia.org\/bizkaia\/wp-json\/wp\/v2\/comments?post=15"}],"version-history":[{"count":3,"href":"https:\/\/www.umealaia.org\/bizkaia\/wp-json\/wp\/v2\/posts\/15\/revisions"}],"predecessor-version":[{"id":237,"href":"https:\/\/www.umealaia.org\/bizkaia\/wp-json\/wp\/v2\/posts\/15\/revisions\/237"}],"wp:attachment":[{"href":"https:\/\/www.umealaia.org\/bizkaia\/wp-json\/wp\/v2\/media?parent=15"}],"wp:term":[{"taxonomy":"category","embeddable":true,"href":"https:\/\/www.umealaia.org\/bizkaia\/wp-json\/wp\/v2\/categories?post=15"},{"taxonomy":"post_tag","embeddable":true,"href":"https:\/\/www.umealaia.org\/bizkaia\/wp-json\/wp\/v2\/tags?post=15"}],"curies":[{"name":"wp","href":"https:\/\/api.w.org\/{rel}","templated":true}]}}