{"id":13,"date":"2015-05-01T16:13:10","date_gmt":"2015-05-01T15:13:10","guid":{"rendered":"https:\/\/www.umealaia.org\/bizkaia\/?p=13"},"modified":"2022-07-01T08:50:31","modified_gmt":"2022-07-01T07:50:31","slug":"prevencion-del-bullying-buenos-tratos-en-el-marco-escolar-acoso-en-el-ambito-escolar","status":"publish","type":"post","link":"https:\/\/www.umealaia.org\/bizkaia\/2015\/05\/01\/prevencion-del-bullying-buenos-tratos-en-el-marco-escolar-acoso-en-el-ambito-escolar\/","title":{"rendered":"PREVENCI\u00d3N DEL BULLYING. BUENOS TRATOS EN EL MARCO ESCOLAR \/\/ ACOSO EN EL \u00c1MBITO ESCOLAR"},"content":{"rendered":"<div class=\"pjustificado tiny\">\n<p>Queridas familias.<\/p>\n<p>Os presentamos \u00a0dos jornadas sobre acoso escolar o bullying organizadas por UME ALAIA ARABA.<\/p>\n<p>Sabemos que en los centros educativos, a veces, la convivencia entre iguales tiene muchas dificultades. \u00bfSabemos las familias detectar que nuestro hijo o hija est\u00e1 siendo acosado o acosada por sus iguales? \u00bfEstamos preparadas las familias para que acusen a nuestro hijo o hija de acosador o acosadora?<\/p>\n<p>La respuesta a las dos preguntas es probablemente \u201cno\u201d. Por ello desde Ume Alaia Araba, asociaci\u00f3n de padres y madres adoptivas, han preparado dos jornadas para que los profesionales nos respondan a estas dos preguntas y a muchas m\u00e1s.<\/p>\n<p>Lo hemos dividido en dos jornadas, que aunque parezca que las dos tienen el mismo contenido, creemos que ser\u00e1 muy interesante tener el punto de vista, por un lado del Gobierno Vasco, que es el que hace el protocolo a seguir, y por otro el de un centro educativo, donde nos ense\u00f1ar\u00e1n con que dificultades se enfrentan a la hora de poner en pr\u00e1ctica dicho protocolo y c\u00f3mo coordinan a las familias:<\/p>\n<p><strong>Jueves 7 de mayo:<\/strong><\/p>\n<p><strong>PREVENCI\u00d3N DEL BULLYING. BUENOS TRATOS EN EL MARCO ESCOLAR<\/strong><\/p>\n<p><strong>Ponente<\/strong>: \u00a0Fernando Muga. Miembro del Berritzegune Nagusia<\/p>\n<p><strong>Hora<\/strong>: \u00a0\u00a0\u00a0\u00a0\u00a0 18:00 \u2013 20:00<\/p>\n<p><strong>Lugar<\/strong>: \u00a0\u00a0\u00a0 Colegio San Prudencio, <em>C<\/em>\/ Duque de Wellington, 4; 01010 Vitoria-Gasteiz<\/p>\n<p><strong>Contenido<\/strong>:<\/p>\n<p>El ponente nos explicar\u00e1 el protocolo que existe en los centros educativos cuando se detectan casos de bullying. Qu\u00e9 pueden hacer las familias, a d\u00f3nde han de acudir, qu\u00e9 se considera bullying, Acoso y adopci\u00f3n, etc.<\/p>\n<p>** No habr\u00e1 servicio de guarder\u00eda<\/p>\n<p>&nbsp;<\/p>\n<p><strong>S\u00e1bado 9 de mayo:<\/strong><\/p>\n<p><strong>ACOSO EN EL AMBITO ESCOLAR<\/strong><\/p>\n<p><strong>Ponente<\/strong>: Equipo de profesionales del colegio Urkide<\/p>\n<p><strong>Hora<\/strong>:\u00a0\u00a0\u00a0\u00a0\u00a0\u00a0 9:30 \u2013 13:30<\/p>\n<p><strong>Lugar<\/strong>:\u00a0\u00a0\u00a0\u00a0 Colegio Urkide, C\/ Magdalena, 8, 01008 Vitoria-Gasteiz<\/p>\n<p><strong>Contenido<\/strong>:<\/p>\n<p>Qu\u00e9 es acoso y qu\u00e9 no, agentes que intervienen, intervenci\u00f3n de las familias en coordinaci\u00f3n con el colegio, el bullying y la realidad de la adopci\u00f3n.<\/p>\n<p>El colegio Urkide ha desarrollado un videojuego sobre el bullying. Nos ense\u00f1ar\u00e1n c\u00f3mo utilizarlo con nuestros hijos e hijas.<\/p>\n<p>** Habr\u00e1 servicio de guarder\u00eda para ni\u00f1os y ni\u00f1as de 3 a 12 a\u00f1os<\/p>\n<p><strong>\u00a0<\/strong><\/p>\n<p><strong>Pincha en el siguiente link para rellenar el formulario de inscripci\u00f3n. <\/strong><\/p>\n<p><a href=\"https:\/\/docs.google.com\/forms\/d\/17H0zVBBUlodNZCOhCFcjHJoBJg4r1lxhVC6oY2rduDo\/viewform?c=0&amp;w=1\" target=\"_blank\" rel=\"noopener\">https:\/\/docs.google.com\/forms\/d\/17H0zVBBUlodNZCOhCFcjHJoBJg4r1lxhVC6oY2rduDo\/viewform?c=0&amp;w=1<\/a><\/p>\n<p>&nbsp;<\/p>\n<p><strong><em>Puedes pasar esta convocatoria al AMPA del colegio de tus hijos\/as, cuantas m\u00e1s familias nos informemos sobre este tema mejor.<\/em><\/strong><\/p>\n<\/div>\n<p>&nbsp;<\/p>\n","protected":false},"excerpt":{"rendered":"<p>Queridas familias. Os presentamos \u00a0dos jornadas sobre acoso escolar o bullying organizadas por UME ALAIA ARABA. Sabemos que en los centros educativos, a veces, la convivencia entre iguales tiene muchas dificultades. \u00bfSabemos las familias detectar que nuestro hijo o hija est\u00e1 siendo acosado o acosada por sus iguales? \u00bfEstamos preparadas las familias para que acusen [&hellip;]<\/p>\n","protected":false},"author":1,"featured_media":0,"comment_status":"open","ping_status":"open","sticky":false,"template":"","format":"standard","meta":{"_acf_changed":false,"footnotes":""},"categories":[1],"tags":[],"class_list":["post-13","post","type-post","status-publish","format-standard","hentry","category-sin-categorizar"],"acf":[],"_links":{"self":[{"href":"https:\/\/www.umealaia.org\/bizkaia\/wp-json\/wp\/v2\/posts\/13","targetHints":{"allow":["GET"]}}],"collection":[{"href":"https:\/\/www.umealaia.org\/bizkaia\/wp-json\/wp\/v2\/posts"}],"about":[{"href":"https:\/\/www.umealaia.org\/bizkaia\/wp-json\/wp\/v2\/types\/post"}],"author":[{"embeddable":true,"href":"https:\/\/www.umealaia.org\/bizkaia\/wp-json\/wp\/v2\/users\/1"}],"replies":[{"embeddable":true,"href":"https:\/\/www.umealaia.org\/bizkaia\/wp-json\/wp\/v2\/comments?post=13"}],"version-history":[{"count":3,"href":"https:\/\/www.umealaia.org\/bizkaia\/wp-json\/wp\/v2\/posts\/13\/revisions"}],"predecessor-version":[{"id":236,"href":"https:\/\/www.umealaia.org\/bizkaia\/wp-json\/wp\/v2\/posts\/13\/revisions\/236"}],"wp:attachment":[{"href":"https:\/\/www.umealaia.org\/bizkaia\/wp-json\/wp\/v2\/media?parent=13"}],"wp:term":[{"taxonomy":"category","embeddable":true,"href":"https:\/\/www.umealaia.org\/bizkaia\/wp-json\/wp\/v2\/categories?post=13"},{"taxonomy":"post_tag","embeddable":true,"href":"https:\/\/www.umealaia.org\/bizkaia\/wp-json\/wp\/v2\/tags?post=13"}],"curies":[{"name":"wp","href":"https:\/\/api.w.org\/{rel}","templated":true}]}}