{"id":11,"date":"2015-09-19T16:12:36","date_gmt":"2015-09-19T15:12:36","guid":{"rendered":"https:\/\/www.umealaia.org\/bizkaia\/?p=11"},"modified":"2022-07-01T08:49:58","modified_gmt":"2022-07-01T07:49:58","slug":"exito-de-la-jornada-sobre-adolescencia-2","status":"publish","type":"post","link":"https:\/\/www.umealaia.org\/bizkaia\/2015\/09\/19\/exito-de-la-jornada-sobre-adolescencia-2\/","title":{"rendered":"\u00c9xito de la jornada sobre adolescencia"},"content":{"rendered":"<div class=\"pjustificado tiny\">\n<p>\u201cCORA quiere manifestar su total disconformidad con la firma del convenio de colaboraci\u00f3n en materia de adopci\u00f3n entre el Gobierno de Espa\u00f1a y la Federaci\u00f3n Rusa, que veta la posibilidad de que personas solteras o pertenecientes a colectivos LGTB puedan acoger y\/o adoptar un menor de origen ruso (en el supuesto de que su primera adopci\u00f3n fracase y en consecuencia su tutela pase al estado espa\u00f1ol), por considerarlo discriminatorio y contrario a nuestro ordenamiento jur\u00eddico.<\/p>\n<p>Las personas que integramos esta federaci\u00f3n, madres y padres a trav\u00e9s de la adopci\u00f3n (ya formalizada o en espera) y personas adoptadas, entendemos la situaci\u00f3n desesperada de las familias cuyos procesos adoptivos fueron bloqueados al quedar condicionados a la firma de este convenio, pero entendemos que su dolor no puede ser utilizado como moneda de cambio para chantajear y obligar a un estado soberano a asumir una desigualdad contraria a su propia legislaci\u00f3n.<\/p>\n<p>CORA: Coordinadora de Asociaciones en defensa de la Adopcion y el Acogimiento.<\/p>\n<p>http:\/\/www.coraenlared.org\/<\/p>\n<\/div>\n","protected":false},"excerpt":{"rendered":"<p>\u201cCORA quiere manifestar su total disconformidad con la firma del convenio de colaboraci\u00f3n en materia de adopci\u00f3n entre el Gobierno de Espa\u00f1a y la Federaci\u00f3n Rusa, que veta la posibilidad de que personas solteras o pertenecientes a colectivos LGTB puedan acoger y\/o adoptar un menor de origen ruso (en el supuesto de que su primera [&hellip;]<\/p>\n","protected":false},"author":1,"featured_media":0,"comment_status":"open","ping_status":"open","sticky":false,"template":"","format":"standard","meta":{"_acf_changed":false,"footnotes":""},"categories":[1],"tags":[],"class_list":["post-11","post","type-post","status-publish","format-standard","hentry","category-sin-categorizar"],"acf":[],"_links":{"self":[{"href":"https:\/\/www.umealaia.org\/bizkaia\/wp-json\/wp\/v2\/posts\/11","targetHints":{"allow":["GET"]}}],"collection":[{"href":"https:\/\/www.umealaia.org\/bizkaia\/wp-json\/wp\/v2\/posts"}],"about":[{"href":"https:\/\/www.umealaia.org\/bizkaia\/wp-json\/wp\/v2\/types\/post"}],"author":[{"embeddable":true,"href":"https:\/\/www.umealaia.org\/bizkaia\/wp-json\/wp\/v2\/users\/1"}],"replies":[{"embeddable":true,"href":"https:\/\/www.umealaia.org\/bizkaia\/wp-json\/wp\/v2\/comments?post=11"}],"version-history":[{"count":3,"href":"https:\/\/www.umealaia.org\/bizkaia\/wp-json\/wp\/v2\/posts\/11\/revisions"}],"predecessor-version":[{"id":234,"href":"https:\/\/www.umealaia.org\/bizkaia\/wp-json\/wp\/v2\/posts\/11\/revisions\/234"}],"wp:attachment":[{"href":"https:\/\/www.umealaia.org\/bizkaia\/wp-json\/wp\/v2\/media?parent=11"}],"wp:term":[{"taxonomy":"category","embeddable":true,"href":"https:\/\/www.umealaia.org\/bizkaia\/wp-json\/wp\/v2\/categories?post=11"},{"taxonomy":"post_tag","embeddable":true,"href":"https:\/\/www.umealaia.org\/bizkaia\/wp-json\/wp\/v2\/tags?post=11"}],"curies":[{"name":"wp","href":"https:\/\/api.w.org\/{rel}","templated":true}]}}