{"id":429,"date":"2020-02-04T11:03:27","date_gmt":"2020-02-04T10:03:27","guid":{"rendered":"https:\/\/www.umealaia.org\/araba\/?p=429"},"modified":"2021-10-25T11:04:40","modified_gmt":"2021-10-25T10:04:40","slug":"epigenetica-acogimiento-y-adopcion-un-motivo-para-la-esperanza","status":"publish","type":"post","link":"https:\/\/www.umealaia.org\/araba\/2020\/02\/04\/epigenetica-acogimiento-y-adopcion-un-motivo-para-la-esperanza\/","title":{"rendered":"Epigen\u00e9tica, acogimiento y adopci\u00f3n: un motivo para la esperanza"},"content":{"rendered":"<div dir=\"ltr\">\n<div dir=\"ltr\">Os invitamos a acudir a la charla de\u00a0<b>Rafael Benito Moraga<\/b>\u00a0(\u00a0\u00a0actualmente docente en el Diplomado de Traumaterapia Sist\u00e9mica Infantil dirigido por Jorge Barudy y Maryorie Dantagnan)\u00a0\u00a0sobre\u00a0<b>epigen\u00e9tica<\/b>\u00a0<wbr \/>que tendr\u00e1 lugar el\u00a0<b>28 de febrero\u00a0de\u00a018:30 a 20:00\u00a0en el sal\u00f3n de actos del\u00a0colegio San Prudencio<\/b>, esperando que sea de vuestro inter\u00e9s.<\/div>\n<div dir=\"ltr\"><\/div>\n<div dir=\"ltr\">Necesaria inscripci\u00f3n en el blog de la asociaci\u00f3n <a href=\"https:\/\/docs.google.com\/forms\/d\/e\/1FAIpQLScVNazAsNOy4TIxvjd9clGJRJN4Hsj9QYZdeenoZ-7V7ZpzAg\/viewform?vc=0&amp;c=0&amp;w=1\">aqu\u00ed<\/a><\/div>\n<div dir=\"ltr\"><\/div>\n<div dir=\"ltr\">Habr\u00e1 servicio de custodia. La inscripci\u00f3n pod\u00e9is realizarla <a href=\"https:\/\/docs.google.com\/forms\/d\/e\/1FAIpQLScfoOUGUa-InLE2YrQixNmG_7AljqmsGuN9-8hMuGOE5XDBaQ\/viewform\">aqui<\/a>.<\/div>\n<\/div>\n","protected":false},"excerpt":{"rendered":"<p>Os invitamos a acudir a la charla de\u00a0Rafael Benito Moraga\u00a0(\u00a0\u00a0actualmente docente en el Diplomado de Traumaterapia Sist\u00e9mica Infantil dirigido por Jorge Barudy y Maryorie Dantagnan)\u00a0\u00a0sobre\u00a0epigen\u00e9tica\u00a0que tendr\u00e1 lugar el\u00a028 de febrero\u00a0de\u00a018:30 a 20:00\u00a0en el sal\u00f3n de actos del\u00a0colegio San Prudencio, esperando que sea de vuestro inter\u00e9s. Necesaria inscripci\u00f3n en el blog de la asociaci\u00f3n aqu\u00ed Habr\u00e1 [&hellip;]<\/p>\n","protected":false},"author":1,"featured_media":0,"comment_status":"open","ping_status":"open","sticky":false,"template":"","format":"standard","meta":{"_acf_changed":false,"footnotes":""},"categories":[9],"tags":[],"class_list":["post-429","post","type-post","status-publish","format-standard","hentry","category-noticias"],"acf":[],"_links":{"self":[{"href":"https:\/\/www.umealaia.org\/araba\/wp-json\/wp\/v2\/posts\/429","targetHints":{"allow":["GET"]}}],"collection":[{"href":"https:\/\/www.umealaia.org\/araba\/wp-json\/wp\/v2\/posts"}],"about":[{"href":"https:\/\/www.umealaia.org\/araba\/wp-json\/wp\/v2\/types\/post"}],"author":[{"embeddable":true,"href":"https:\/\/www.umealaia.org\/araba\/wp-json\/wp\/v2\/users\/1"}],"replies":[{"embeddable":true,"href":"https:\/\/www.umealaia.org\/araba\/wp-json\/wp\/v2\/comments?post=429"}],"version-history":[{"count":1,"href":"https:\/\/www.umealaia.org\/araba\/wp-json\/wp\/v2\/posts\/429\/revisions"}],"predecessor-version":[{"id":430,"href":"https:\/\/www.umealaia.org\/araba\/wp-json\/wp\/v2\/posts\/429\/revisions\/430"}],"wp:attachment":[{"href":"https:\/\/www.umealaia.org\/araba\/wp-json\/wp\/v2\/media?parent=429"}],"wp:term":[{"taxonomy":"category","embeddable":true,"href":"https:\/\/www.umealaia.org\/araba\/wp-json\/wp\/v2\/categories?post=429"},{"taxonomy":"post_tag","embeddable":true,"href":"https:\/\/www.umealaia.org\/araba\/wp-json\/wp\/v2\/tags?post=429"}],"curies":[{"name":"wp","href":"https:\/\/api.w.org\/{rel}","templated":true}]}}