{"id":408,"date":"2019-10-09T10:55:30","date_gmt":"2019-10-09T09:55:30","guid":{"rendered":"https:\/\/www.umealaia.org\/araba\/?p=408"},"modified":"2021-10-25T10:56:30","modified_gmt":"2021-10-25T09:56:30","slug":"19-de-octubre-sabado-jornada-soy-quien-soy-ni-neu-jardunaldia-donostia","status":"publish","type":"post","link":"https:\/\/www.umealaia.org\/araba\/2019\/10\/09\/19-de-octubre-sabado-jornada-soy-quien-soy-ni-neu-jardunaldia-donostia\/","title":{"rendered":"19 de octubre s\u00e1bado. Jornada \u00abSoy quien soy\u00bb &#8211; \u00abNi neu\u00bb jardunaldia. Donostia"},"content":{"rendered":"<p>El s\u00e1bado 19 de octubre de 9.15 a 14:15 en el edificio <a href=\"https:\/\/goo.gl\/maps\/dTySw9E57JPVAXTQ8\" target=\"_blank\" rel=\"noopener\">Barriola de la UPV de Donostia<\/a>, se celebrar\u00e1 la jornada <b>Soy Quien Soy<\/b>, un evento evento organizado por las tres asociaciones Ume Alaia Euskadi. El encuentro, en el que habr\u00e1 varias ponencias y una mesa redonda, tratar\u00e1 sobre los sentimientos y vivencias de las personas adoptadas. Ser\u00e1 una jornada donde las personas adoptadas ser\u00e1n las ponentes.<\/p>\n<ul>\n<li><a href=\"https:\/\/docs.google.com\/forms\/d\/e\/1FAIpQLSctC87wUNQTNcwCdRG0JAz2cCwrW3EG8Jx77JUCglPUbSKPsg\/viewform\" target=\"_blank\" rel=\"noopener\">Inscripci\u00f3n<\/a><\/li>\n<\/ul>\n<p>Adem\u00e1s, habr\u00e1 actividades paralelas para menores de 3 a 15 a\u00f1os y la posibilidad de apuntarse a la comida posterior. Como otros a\u00f1os, tenemos intenci\u00f3n de contratar un autob\u00fas, si os interesara, solic\u00edtadlo a <a href=\"mailto:umealaia.araba@gmail.com\" target=\"_blank\" rel=\"noopener\">umealaia.araba@gmail.com<\/a><\/p>\n","protected":false},"excerpt":{"rendered":"<p>El s\u00e1bado 19 de octubre de 9.15 a 14:15 en el edificio Barriola de la UPV de Donostia, se celebrar\u00e1 la jornada Soy Quien Soy, un evento evento organizado por las tres asociaciones Ume Alaia Euskadi. El encuentro, en el que habr\u00e1 varias ponencias y una mesa redonda, tratar\u00e1 sobre los sentimientos y vivencias de [&hellip;]<\/p>\n","protected":false},"author":1,"featured_media":409,"comment_status":"open","ping_status":"open","sticky":false,"template":"","format":"standard","meta":{"_acf_changed":false,"footnotes":""},"categories":[9],"tags":[],"class_list":["post-408","post","type-post","status-publish","format-standard","has-post-thumbnail","hentry","category-noticias"],"acf":[],"_links":{"self":[{"href":"https:\/\/www.umealaia.org\/araba\/wp-json\/wp\/v2\/posts\/408","targetHints":{"allow":["GET"]}}],"collection":[{"href":"https:\/\/www.umealaia.org\/araba\/wp-json\/wp\/v2\/posts"}],"about":[{"href":"https:\/\/www.umealaia.org\/araba\/wp-json\/wp\/v2\/types\/post"}],"author":[{"embeddable":true,"href":"https:\/\/www.umealaia.org\/araba\/wp-json\/wp\/v2\/users\/1"}],"replies":[{"embeddable":true,"href":"https:\/\/www.umealaia.org\/araba\/wp-json\/wp\/v2\/comments?post=408"}],"version-history":[{"count":1,"href":"https:\/\/www.umealaia.org\/araba\/wp-json\/wp\/v2\/posts\/408\/revisions"}],"predecessor-version":[{"id":411,"href":"https:\/\/www.umealaia.org\/araba\/wp-json\/wp\/v2\/posts\/408\/revisions\/411"}],"wp:featuredmedia":[{"embeddable":true,"href":"https:\/\/www.umealaia.org\/araba\/wp-json\/wp\/v2\/media\/409"}],"wp:attachment":[{"href":"https:\/\/www.umealaia.org\/araba\/wp-json\/wp\/v2\/media?parent=408"}],"wp:term":[{"taxonomy":"category","embeddable":true,"href":"https:\/\/www.umealaia.org\/araba\/wp-json\/wp\/v2\/categories?post=408"},{"taxonomy":"post_tag","embeddable":true,"href":"https:\/\/www.umealaia.org\/araba\/wp-json\/wp\/v2\/tags?post=408"}],"curies":[{"name":"wp","href":"https:\/\/api.w.org\/{rel}","templated":true}]}}