{"id":400,"date":"2019-03-20T10:52:40","date_gmt":"2019-03-20T09:52:40","guid":{"rendered":"https:\/\/www.umealaia.org\/araba\/?p=400"},"modified":"2021-10-25T10:53:08","modified_gmt":"2021-10-25T09:53:08","slug":"12-de-abril-conferencia-aprender-a-amar-aprender-a-confiar","status":"publish","type":"post","link":"https:\/\/www.umealaia.org\/araba\/2019\/03\/20\/12-de-abril-conferencia-aprender-a-amar-aprender-a-confiar\/","title":{"rendered":"12 de abril. Conferencia: Aprender a amar, aprender  a confiar."},"content":{"rendered":"<p dir=\"ltr\"><u>Charla<\/u> sobre c\u00f3mo promover la autorregulaci\u00f3n emocional en los ni\u00f1os y ni\u00f1as.<\/p>\n<p dir=\"ltr\">Ponente:\u00a0<b>Pepa Horno <\/b>Goikoetxea. Psic\u00f3loga\u00a0y consultora en infancia, afectividad y protecci\u00f3n.<\/p>\n<p dir=\"ltr\">Durante m\u00e1s de quince a\u00f1os ha coordinado campa\u00f1as estatales e internacionales para la prevenci\u00f3n y erradicaci\u00f3n de la violencia contra los ni\u00f1os y ni\u00f1as, especialmente el castigo f\u00edsico y psicol\u00f3gico en el hogar y el abuso y explotaci\u00f3n sexual infantil. Ha impartido formaci\u00f3n y asesorado programas de intervenci\u00f3n en m\u00e1s de veinte pa\u00edses de Latinoam\u00e9rica, sur y sudeste asi\u00e1ticos, Europa y el Magreb, adem\u00e1s de ser miembro asesor de instituciones y promover el desarrollo de protocolos de actuaci\u00f3n en el \u00e1mbito educativo, social y sanitario. Es autora de varios libros sobre desarrollo afectivo y social y coordinadora de varios estudios e investigaciones en el \u00e1mbito de la protecci\u00f3n.<\/p>\n<p dir=\"ltr\">Fecha:\u00a0<b>12 de abril<\/b><\/p>\n<p dir=\"ltr\">Horario:\u00a0<b>20:00\/21:30<\/b><\/p>\n<p dir=\"ltr\">Lugar:\u00a0<b>Colegio San Prudencio<\/b><\/p>\n<p dir=\"ltr\">Habr\u00e1 servicio de guarder\u00eda.<br \/>\n<u><a href=\"https:\/\/docs.google.com\/forms\/d\/e\/1FAIpQLSdAIACP43RuLuuiYrN_M4BA34ehA5DH6UfROKcr7zSOles-Ng\/viewform?usp=sf_link\">Inscripciones<\/a><\/u><\/p>\n","protected":false},"excerpt":{"rendered":"<p>Charla sobre c\u00f3mo promover la autorregulaci\u00f3n emocional en los ni\u00f1os y ni\u00f1as. Ponente:\u00a0Pepa Horno Goikoetxea. Psic\u00f3loga\u00a0y consultora en infancia, afectividad y protecci\u00f3n. Durante m\u00e1s de quince a\u00f1os ha coordinado campa\u00f1as estatales e internacionales para la prevenci\u00f3n y erradicaci\u00f3n de la violencia contra los ni\u00f1os y ni\u00f1as, especialmente el castigo f\u00edsico y psicol\u00f3gico en el hogar [&hellip;]<\/p>\n","protected":false},"author":1,"featured_media":0,"comment_status":"open","ping_status":"open","sticky":false,"template":"","format":"standard","meta":{"_acf_changed":false,"footnotes":""},"categories":[9],"tags":[],"class_list":["post-400","post","type-post","status-publish","format-standard","hentry","category-noticias"],"acf":[],"_links":{"self":[{"href":"https:\/\/www.umealaia.org\/araba\/wp-json\/wp\/v2\/posts\/400","targetHints":{"allow":["GET"]}}],"collection":[{"href":"https:\/\/www.umealaia.org\/araba\/wp-json\/wp\/v2\/posts"}],"about":[{"href":"https:\/\/www.umealaia.org\/araba\/wp-json\/wp\/v2\/types\/post"}],"author":[{"embeddable":true,"href":"https:\/\/www.umealaia.org\/araba\/wp-json\/wp\/v2\/users\/1"}],"replies":[{"embeddable":true,"href":"https:\/\/www.umealaia.org\/araba\/wp-json\/wp\/v2\/comments?post=400"}],"version-history":[{"count":1,"href":"https:\/\/www.umealaia.org\/araba\/wp-json\/wp\/v2\/posts\/400\/revisions"}],"predecessor-version":[{"id":401,"href":"https:\/\/www.umealaia.org\/araba\/wp-json\/wp\/v2\/posts\/400\/revisions\/401"}],"wp:attachment":[{"href":"https:\/\/www.umealaia.org\/araba\/wp-json\/wp\/v2\/media?parent=400"}],"wp:term":[{"taxonomy":"category","embeddable":true,"href":"https:\/\/www.umealaia.org\/araba\/wp-json\/wp\/v2\/categories?post=400"},{"taxonomy":"post_tag","embeddable":true,"href":"https:\/\/www.umealaia.org\/araba\/wp-json\/wp\/v2\/tags?post=400"}],"curies":[{"name":"wp","href":"https:\/\/api.w.org\/{rel}","templated":true}]}}