{"id":395,"date":"2019-01-12T10:51:04","date_gmt":"2019-01-12T09:51:04","guid":{"rendered":"https:\/\/www.umealaia.org\/araba\/?p=395"},"modified":"2021-10-25T10:51:49","modified_gmt":"2021-10-25T09:51:49","slug":"2-de-febrero-charla-la-adolescencia-una-segunda-oportunidad-para-corregir-el-neurodesarrollo-traumatico-en-la-infancia","status":"publish","type":"post","link":"https:\/\/www.umealaia.org\/araba\/2019\/01\/12\/2-de-febrero-charla-la-adolescencia-una-segunda-oportunidad-para-corregir-el-neurodesarrollo-traumatico-en-la-infancia\/","title":{"rendered":"2 de febrero. Charla: La adolescencia, una segunda oportunidad para corregir el neurodesarrollo traum\u00e1tico en la infancia"},"content":{"rendered":"<ul>\n<li>Horario:\u00a0<b>12:00\/13:30<\/b><\/li>\n<li>Lugar:\u00a0<b>Colegio San Prudencio<\/b><\/li>\n<\/ul>\n<p>&nbsp;<\/p>\n<div dir=\"ltr\">Ponente:\u00a0<b>Rafael Benito Moraga<\/b>.<\/div>\n<div dir=\"ltr\">San Sebasti\u00e1n-Donostia, 1964. Psiquiatra,Terapeuta familiar, Postgrado en traumaterapia sist\u00e9mica infantil por el IFIV de Barcelona. Trabaja en su consulta privada realizando tratamiento psiqui\u00e1trico y psicoterap\u00e9utico de adolescentes y adultos.<br \/>\nDesde 1999 su campo de inter\u00e9s profesional se centra en el impacto que tienen las circunstancias adversas sufridas en la infancia en el desarrollo neurobiol\u00f3gico y fisiol\u00f3gico a lo largo de la vida. Combina su actividad como psicoterapeuta con la de formador de profesionales y familias.<\/div>\n<ul>\n<li><a href=\"https:\/\/docs.google.com\/forms\/d\/e\/1FAIpQLScuVuVbOesdguKo52XBBq98cNAnFq4dgiAUeIbKQkUn98rt_g\/viewform?usp=sf_link\">Inscripci\u00f3n a la charla<\/a><\/li>\n<li><a href=\"https:\/\/docs.google.com\/forms\/d\/e\/1FAIpQLSfqHUdKZtS9B0By7oncqzAgqJ4UdJsRrvaU65cbAnNjI0-JlA\/viewform?usp=sf_link\">Inscripci\u00f3n a la guarder\u00eda<\/a>\u00a0. Fecha tope 29 de enero.\u00a0El servicio tendr\u00e1 un coste de\u00a05 euros\u00a0 para l@s no asociad@s se abonar\u00e1 all\u00ed.<\/li>\n<\/ul>\n","protected":false},"excerpt":{"rendered":"<p>Horario:\u00a012:00\/13:30 Lugar:\u00a0Colegio San Prudencio &nbsp; Ponente:\u00a0Rafael Benito Moraga. San Sebasti\u00e1n-Donostia, 1964. Psiquiatra,Terapeuta familiar, Postgrado en traumaterapia sist\u00e9mica infantil por el IFIV de Barcelona. Trabaja en su consulta privada realizando tratamiento psiqui\u00e1trico y psicoterap\u00e9utico de adolescentes y adultos. Desde 1999 su campo de inter\u00e9s profesional se centra en el impacto que tienen las circunstancias adversas sufridas [&hellip;]<\/p>\n","protected":false},"author":1,"featured_media":0,"comment_status":"open","ping_status":"open","sticky":false,"template":"","format":"standard","meta":{"_acf_changed":false,"footnotes":""},"categories":[9],"tags":[],"class_list":["post-395","post","type-post","status-publish","format-standard","hentry","category-noticias"],"acf":[],"_links":{"self":[{"href":"https:\/\/www.umealaia.org\/araba\/wp-json\/wp\/v2\/posts\/395","targetHints":{"allow":["GET"]}}],"collection":[{"href":"https:\/\/www.umealaia.org\/araba\/wp-json\/wp\/v2\/posts"}],"about":[{"href":"https:\/\/www.umealaia.org\/araba\/wp-json\/wp\/v2\/types\/post"}],"author":[{"embeddable":true,"href":"https:\/\/www.umealaia.org\/araba\/wp-json\/wp\/v2\/users\/1"}],"replies":[{"embeddable":true,"href":"https:\/\/www.umealaia.org\/araba\/wp-json\/wp\/v2\/comments?post=395"}],"version-history":[{"count":1,"href":"https:\/\/www.umealaia.org\/araba\/wp-json\/wp\/v2\/posts\/395\/revisions"}],"predecessor-version":[{"id":396,"href":"https:\/\/www.umealaia.org\/araba\/wp-json\/wp\/v2\/posts\/395\/revisions\/396"}],"wp:attachment":[{"href":"https:\/\/www.umealaia.org\/araba\/wp-json\/wp\/v2\/media?parent=395"}],"wp:term":[{"taxonomy":"category","embeddable":true,"href":"https:\/\/www.umealaia.org\/araba\/wp-json\/wp\/v2\/categories?post=395"},{"taxonomy":"post_tag","embeddable":true,"href":"https:\/\/www.umealaia.org\/araba\/wp-json\/wp\/v2\/tags?post=395"}],"curies":[{"name":"wp","href":"https:\/\/api.w.org\/{rel}","templated":true}]}}