{"id":391,"date":"2018-11-06T10:48:56","date_gmt":"2018-11-06T09:48:56","guid":{"rendered":"https:\/\/www.umealaia.org\/araba\/?p=391"},"modified":"2021-10-25T10:49:36","modified_gmt":"2021-10-25T09:49:36","slug":"seminario-sobre-adolescencia-viernes-30-de-noviembre-y-sabado-1-de-dciembre","status":"publish","type":"post","link":"https:\/\/www.umealaia.org\/araba\/2018\/11\/06\/seminario-sobre-adolescencia-viernes-30-de-noviembre-y-sabado-1-de-dciembre\/","title":{"rendered":"Seminario sobre adolescencia viernes 30 de noviembre y s\u00e1bado 1 de dciembre"},"content":{"rendered":"<p>El 30 de noviembre de 18:30 a 20:30 y el 1 diciembre de 10:30 a 13:30 en el <a href=\"https:\/\/www.google.com\/maps\/place\/Colegio+San+Prudencio+Ikastetxea\/@42.8623575,-2.7022008,15z\/data=!4m19!1m13!4m12!1m4!2m2!1d-2.6987862!2d42.8670771!4e1!1m6!1m2!1s0xd4fc224552bc5ef:0x439fdd35449dd9c0!2scolegio+san+prudencio!2m2!1d-2.690946!2d42.859145!3m4!1s0xd4fc224552bc5ef:0x439fdd35449dd9c0!8m2!3d42.859145!4d-2.690946\">colegio San Prudencio<\/a> de Vitoria, tendr\u00e1 lugar el pr\u00f3ximo seminario organizado por Ume Alaia Araba\u00a0\u00ab<i>L<\/i><i>a adolescencia, una etapa dif\u00edcil con un plus para l@s chic@s adoptad@s<\/i><b>\u00ab.<\/b><\/p>\n<div class=\"separator\"><\/div>\n<p>El viernes por la tarde <a href=\"http:\/\/www.biraka.org\/equipo-humano\/\">I\u00f1igo Mart\u00ednez de Mandojana<\/a> nos acompa\u00f1ar\u00e1 en un taller en el que trataremos diversos aspectos de la etapa adolescente en las familias adoptivas.<br \/>\nEl s\u00e1bado <a href=\"http:\/\/www.grpf.eu\/index.php?option=com_content&amp;view=article&amp;id=39:vinyet-mirabent-junyet-&amp;catid=4:investigadors-interns&amp;Itemid=5&amp;lang=es\">Vinyet Mirabent<\/a> impartir\u00e1 una charla-taller en la que nos transmitir\u00e1 su experiencia en el tema que nos ocupa e intentaremos generar entre todos pensamiento colectivo.<\/p>\n<ul>\n<li><a href=\"https:\/\/docs.google.com\/forms\/d\/e\/1FAIpQLSfbaOODXgrPMFWECnzcb00u0RZxSv-9sIpfx2rpYlmFibGKtw\/viewform?usp=sf_link\">Inscripci\u00f3n al seminario<\/a><\/li>\n<\/ul>\n<p>La fecha l\u00edmite para\u00a0<a href=\"https:\/\/docs.google.com\/forms\/d\/e\/1FAIpQLScS1W1FTouqtq_JrAReGfuG2LqU6oNsMe3ZfriES-ANpn79lQ\/viewform?usp=sf_link\">apuntarse a la guarder\u00eda<\/a>\u00a0es el 28 de noviembre, mi\u00e9rcoles y el coste para las familias no asociadas es de 7\u20ac\/ni\u00f1@ el viernes y 10\u20ac\/ni\u00f1@ el s\u00e1bado (pagar all\u00ed).<\/p>\n","protected":false},"excerpt":{"rendered":"<p>El 30 de noviembre de 18:30 a 20:30 y el 1 diciembre de 10:30 a 13:30 en el colegio San Prudencio de Vitoria, tendr\u00e1 lugar el pr\u00f3ximo seminario organizado por Ume Alaia Araba\u00a0\u00abLa adolescencia, una etapa dif\u00edcil con un plus para l@s chic@s adoptad@s\u00ab. El viernes por la tarde I\u00f1igo Mart\u00ednez de Mandojana nos acompa\u00f1ar\u00e1 [&hellip;]<\/p>\n","protected":false},"author":1,"featured_media":0,"comment_status":"open","ping_status":"open","sticky":false,"template":"","format":"standard","meta":{"_acf_changed":false,"footnotes":""},"categories":[9],"tags":[],"class_list":["post-391","post","type-post","status-publish","format-standard","hentry","category-noticias"],"acf":[],"_links":{"self":[{"href":"https:\/\/www.umealaia.org\/araba\/wp-json\/wp\/v2\/posts\/391","targetHints":{"allow":["GET"]}}],"collection":[{"href":"https:\/\/www.umealaia.org\/araba\/wp-json\/wp\/v2\/posts"}],"about":[{"href":"https:\/\/www.umealaia.org\/araba\/wp-json\/wp\/v2\/types\/post"}],"author":[{"embeddable":true,"href":"https:\/\/www.umealaia.org\/araba\/wp-json\/wp\/v2\/users\/1"}],"replies":[{"embeddable":true,"href":"https:\/\/www.umealaia.org\/araba\/wp-json\/wp\/v2\/comments?post=391"}],"version-history":[{"count":1,"href":"https:\/\/www.umealaia.org\/araba\/wp-json\/wp\/v2\/posts\/391\/revisions"}],"predecessor-version":[{"id":392,"href":"https:\/\/www.umealaia.org\/araba\/wp-json\/wp\/v2\/posts\/391\/revisions\/392"}],"wp:attachment":[{"href":"https:\/\/www.umealaia.org\/araba\/wp-json\/wp\/v2\/media?parent=391"}],"wp:term":[{"taxonomy":"category","embeddable":true,"href":"https:\/\/www.umealaia.org\/araba\/wp-json\/wp\/v2\/categories?post=391"},{"taxonomy":"post_tag","embeddable":true,"href":"https:\/\/www.umealaia.org\/araba\/wp-json\/wp\/v2\/tags?post=391"}],"curies":[{"name":"wp","href":"https:\/\/api.w.org\/{rel}","templated":true}]}}