{"id":386,"date":"2018-10-09T10:45:54","date_gmt":"2018-10-09T09:45:54","guid":{"rendered":"https:\/\/www.umealaia.org\/araba\/?p=386"},"modified":"2021-10-25T10:47:13","modified_gmt":"2021-10-25T09:47:13","slug":"mirandome-para-verte-20-de-octubre-bilbao","status":"publish","type":"post","link":"https:\/\/www.umealaia.org\/araba\/2018\/10\/09\/mirandome-para-verte-20-de-octubre-bilbao\/","title":{"rendered":"Mir\u00e1ndome para verte &#8211; 20 de octubre Bilbao"},"content":{"rendered":"<div class=\"separator\"><a href=\"https:\/\/3.bp.blogspot.com\/-wZJzPAOnVhM\/W70L2SUSwXI\/AAAAAAAAiHM\/ycHMIGc8rTAEBA34JscZ79Fn7HPYNuQ0ACLcBGAs\/s1600\/cabecera-email.jpg\"><img loading=\"lazy\" decoding=\"async\" src=\"https:\/\/3.bp.blogspot.com\/-wZJzPAOnVhM\/W70L2SUSwXI\/AAAAAAAAiHM\/ycHMIGc8rTAEBA34JscZ79Fn7HPYNuQ0ACLcBGAs\/s400\/cabecera-email.jpg\" width=\"400\" height=\"87\" border=\"0\" data-original-height=\"175\" data-original-width=\"800\" \/><\/a><\/div>\n<div><\/div>\n<div><\/div>\n<p>Ume Alaia Euskadi os invita a participar en su evento cooperativo anual titulado: \u00abMir\u00e1ndome para verte\u00bb que se celebrar\u00e1 el 20 de octubre en el Auditorio de la Universidad de Deusto en Bilbao a partir de las 9:30 de la ma\u00f1ana.\u00a0\u00a0Para asistir a la jornada del 20 de octubre en Bilbao saldr\u00e1 un autob\u00fas del parking Portal de Foronda-Luis Olariaga a las 08:00 y partir\u00e1 de regreso a las 15:00 Si te animas al bus env\u00edanos un email a <a href=\"mailto:umelaia.araba@gmail.com\">umelaia.araba@gmail.com<\/a><\/p>\n<div>\n<div><\/div>\n<div>En este encuentro vamos a mirar en nuestro interior y reflexionar sobre nuestro papel como madres y padres. Buscamos salir reforzadas\/os y renovadas\/os como siempre.<\/div>\n<div>\n<ul>\n<li><a href=\"https:\/\/docs.google.com\/forms\/d\/e\/1FAIpQLSfP9P6ngguRnkvhVDTX_8hv6I1y5I6oXwnLRdO-OgA5uQviFg\/viewform\" target=\"_blank\" rel=\"noopener\">Inscripci\u00f3n<\/a><\/li>\n<\/ul>\n<\/div>\n<div><\/div>\n<div>\n<div class=\"separator\"><a href=\"https:\/\/2.bp.blogspot.com\/-UXE925gXfqg\/W70LBG5xOAI\/AAAAAAAAiG8\/VJYo2E9Xpu0i5ffpWVIVyQ15hiiTiXtCACLcBGAs\/s1600\/triptico-castellano-80.jpg\"><img loading=\"lazy\" decoding=\"async\" src=\"https:\/\/2.bp.blogspot.com\/-UXE925gXfqg\/W70LBG5xOAI\/AAAAAAAAiG8\/VJYo2E9Xpu0i5ffpWVIVyQ15hiiTiXtCACLcBGAs\/s320\/triptico-castellano-80.jpg\" width=\"320\" height=\"228\" border=\"0\" data-original-height=\"613\" data-original-width=\"860\" \/><\/a><\/div>\n<div>\n<div><\/div>\n<\/div>\n<\/div>\n<\/div>\n","protected":false},"excerpt":{"rendered":"<p>Ume Alaia Euskadi os invita a participar en su evento cooperativo anual titulado: \u00abMir\u00e1ndome para verte\u00bb que se celebrar\u00e1 el 20 de octubre en el Auditorio de la Universidad de Deusto en Bilbao a partir de las 9:30 de la ma\u00f1ana.\u00a0\u00a0Para asistir a la jornada del 20 de octubre en Bilbao saldr\u00e1 un autob\u00fas del [&hellip;]<\/p>\n","protected":false},"author":1,"featured_media":0,"comment_status":"open","ping_status":"open","sticky":false,"template":"","format":"standard","meta":{"_acf_changed":false,"footnotes":""},"categories":[9],"tags":[],"class_list":["post-386","post","type-post","status-publish","format-standard","hentry","category-noticias"],"acf":[],"_links":{"self":[{"href":"https:\/\/www.umealaia.org\/araba\/wp-json\/wp\/v2\/posts\/386","targetHints":{"allow":["GET"]}}],"collection":[{"href":"https:\/\/www.umealaia.org\/araba\/wp-json\/wp\/v2\/posts"}],"about":[{"href":"https:\/\/www.umealaia.org\/araba\/wp-json\/wp\/v2\/types\/post"}],"author":[{"embeddable":true,"href":"https:\/\/www.umealaia.org\/araba\/wp-json\/wp\/v2\/users\/1"}],"replies":[{"embeddable":true,"href":"https:\/\/www.umealaia.org\/araba\/wp-json\/wp\/v2\/comments?post=386"}],"version-history":[{"count":1,"href":"https:\/\/www.umealaia.org\/araba\/wp-json\/wp\/v2\/posts\/386\/revisions"}],"predecessor-version":[{"id":387,"href":"https:\/\/www.umealaia.org\/araba\/wp-json\/wp\/v2\/posts\/386\/revisions\/387"}],"wp:attachment":[{"href":"https:\/\/www.umealaia.org\/araba\/wp-json\/wp\/v2\/media?parent=386"}],"wp:term":[{"taxonomy":"category","embeddable":true,"href":"https:\/\/www.umealaia.org\/araba\/wp-json\/wp\/v2\/categories?post=386"},{"taxonomy":"post_tag","embeddable":true,"href":"https:\/\/www.umealaia.org\/araba\/wp-json\/wp\/v2\/tags?post=386"}],"curies":[{"name":"wp","href":"https:\/\/api.w.org\/{rel}","templated":true}]}}