{"id":384,"date":"2018-08-24T10:45:03","date_gmt":"2018-08-24T09:45:03","guid":{"rendered":"https:\/\/www.umealaia.org\/araba\/?p=384"},"modified":"2021-10-25T10:45:40","modified_gmt":"2021-10-25T09:45:40","slug":"9-de-septiembre-vuelta-de-vacaciones-con-tirolinas-escalada","status":"publish","type":"post","link":"https:\/\/www.umealaia.org\/araba\/2018\/08\/24\/9-de-septiembre-vuelta-de-vacaciones-con-tirolinas-escalada\/","title":{"rendered":"9 de septiembre vuelta de vacaciones con tirolinas, escalada&#8230;"},"content":{"rendered":"<p>Esperamos que hay\u00e1is difrutado y descansado durante unas m\u00e1s que merecidas vacaciones.<\/p>\n<p>Como no pod\u00eda de ser de otra forma Ume Alaia Araba est\u00e1 deseando comenzar el curso con un encuentro de familias, que tendr\u00e1 lugar el 9 de septiembre. En esta ocasi\u00f3n cambiamos de emplazamiento y de plan. Nuestra comisi\u00f3n de festejos ha reservado un circuito en\u00a0 <a href=\"http:\/\/hontzaextrem.com\/\" target=\"_blank\" rel=\"noopener\">Hontza Extrem<\/a>, tiro con arco incluido. Nos juntaremos all\u00ed a las 11:00. Cada un@ se desplazar\u00e1 en su medio de transporte, no hay servicio de autob\u00fas para esta actividad. La direcci\u00f3n es <a href=\"https:\/\/www.google.es\/maps\/place\/hontzaextrem.s.coop\/@43.039104,-2.640479,17z\/data=!3m1!4b1!4m5!3m4!1s0xd4fce3872562ccd:0x6cda12868a02fedc!8m2!3d43.039104!4d-2.638285?shorturl=1\">carretera Otxandio &#8211; Oletas\/n 48210 Otxandio Bizkaia.<\/a> Despu\u00e9s comida en los alrededores con lo que cada un@ lleve.<\/p>\n<p>Por cada participante en el circuito se abonar\u00e1n 2 euros y es necesario inscribirse en esta direcci\u00f3n de correo electr\u00f3nico.<\/p>\n<p>Animaos. Esperamos estar tan a gusto como en anteriores ocasiones.<\/p>\n","protected":false},"excerpt":{"rendered":"<p>Esperamos que hay\u00e1is difrutado y descansado durante unas m\u00e1s que merecidas vacaciones. Como no pod\u00eda de ser de otra forma Ume Alaia Araba est\u00e1 deseando comenzar el curso con un encuentro de familias, que tendr\u00e1 lugar el 9 de septiembre. En esta ocasi\u00f3n cambiamos de emplazamiento y de plan. Nuestra comisi\u00f3n de festejos ha reservado [&hellip;]<\/p>\n","protected":false},"author":1,"featured_media":0,"comment_status":"open","ping_status":"open","sticky":false,"template":"","format":"standard","meta":{"_acf_changed":false,"footnotes":""},"categories":[9],"tags":[],"class_list":["post-384","post","type-post","status-publish","format-standard","hentry","category-noticias"],"acf":[],"_links":{"self":[{"href":"https:\/\/www.umealaia.org\/araba\/wp-json\/wp\/v2\/posts\/384","targetHints":{"allow":["GET"]}}],"collection":[{"href":"https:\/\/www.umealaia.org\/araba\/wp-json\/wp\/v2\/posts"}],"about":[{"href":"https:\/\/www.umealaia.org\/araba\/wp-json\/wp\/v2\/types\/post"}],"author":[{"embeddable":true,"href":"https:\/\/www.umealaia.org\/araba\/wp-json\/wp\/v2\/users\/1"}],"replies":[{"embeddable":true,"href":"https:\/\/www.umealaia.org\/araba\/wp-json\/wp\/v2\/comments?post=384"}],"version-history":[{"count":1,"href":"https:\/\/www.umealaia.org\/araba\/wp-json\/wp\/v2\/posts\/384\/revisions"}],"predecessor-version":[{"id":385,"href":"https:\/\/www.umealaia.org\/araba\/wp-json\/wp\/v2\/posts\/384\/revisions\/385"}],"wp:attachment":[{"href":"https:\/\/www.umealaia.org\/araba\/wp-json\/wp\/v2\/media?parent=384"}],"wp:term":[{"taxonomy":"category","embeddable":true,"href":"https:\/\/www.umealaia.org\/araba\/wp-json\/wp\/v2\/categories?post=384"},{"taxonomy":"post_tag","embeddable":true,"href":"https:\/\/www.umealaia.org\/araba\/wp-json\/wp\/v2\/tags?post=384"}],"curies":[{"name":"wp","href":"https:\/\/api.w.org\/{rel}","templated":true}]}}