{"id":380,"date":"2018-05-11T10:43:41","date_gmt":"2018-05-11T09:43:41","guid":{"rendered":"https:\/\/www.umealaia.org\/araba\/?p=380"},"modified":"2021-10-25T10:44:16","modified_gmt":"2021-10-25T09:44:16","slug":"excursion-a-laguardia-domingo-27-de-mayo","status":"publish","type":"post","link":"https:\/\/www.umealaia.org\/araba\/2018\/05\/11\/excursion-a-laguardia-domingo-27-de-mayo\/","title":{"rendered":"Excursi\u00f3n a Laguardia domingo 27 de mayo"},"content":{"rendered":"<div>Este a\u00f1o la excursi\u00f3n familiar ser\u00e1 el domingo 27 de mayo a Laguardia.\u00a0 Visitaremos en Laguardia el\u00a0<a href=\"http:\/\/www.alavaturismo.eus\/index.php\/es\/patrimonio\/patrimonio-arqueologico\/estanque-celtiberico\" target=\"_blank\" rel=\"noopener\" data-saferedirecturl=\"https:\/\/www.google.com\/url?hl=es&amp;q=http:\/\/www.alavaturismo.eus\/index.php\/es\/patrimonio\/patrimonio-arqueologico\/estanque-celtiberico&amp;source=gmail&amp;ust=1526128233000000&amp;usg=AFQjCNE0kKBOxMwDHZ6wzCS8sta_Oag70A\">Estanque Celtib\u00e9rico<\/a>\u00a0y la\u00a0<a href=\"http:\/\/www.alavaturismo.eus\/index.php\/es\/patrimonio\/patrimonio-historico-arquitectonico\/torres-castillos-y-palacios\/torre-abacial\" target=\"_blank\" rel=\"noopener\" data-saferedirecturl=\"https:\/\/www.google.com\/url?hl=es&amp;q=http:\/\/www.alavaturismo.eus\/index.php\/es\/patrimonio\/patrimonio-historico-arquitectonico\/torres-castillos-y-palacios\/torre-abacial&amp;source=gmail&amp;ust=1526128233000000&amp;usg=AFQjCNFo59OMNwoDFluf1500XCoGA5SG0Q\">Torre Abacial<\/a>. Hacia mediod\u00eda nos trasladaremos al parque de San Gin\u00e9s, en La Bastida. All\u00ed comeremos lo que llevemos y pasaremos la tarde hasta la hora de regreso.<\/div>\n<div>\n<div><\/div>\n<div>Es necesaria <a href=\"https:\/\/docs.google.com\/forms\/d\/1EIZ88tGFgOmyLsmYtClecx-0qsTUxpu_h20WZaxCSyM\/edit\">inscripci\u00f3n<\/a>.<\/div>\n<\/div>\n<div><\/div>\n<p>Precio: -soci@s mayores de 11 a\u00f1os 3 euros<br \/>\n-no soci@s menores de 12 a\u00f1os 2 euros y mayores de 11 a\u00f1os 5 euros<\/p>\n<p>Pago: La Caixa ES12 2100 4994 1121 0025 7635 indicando Laguardia y nombre y apellidos de la persona que ha realizado la inscripci\u00f3n.<\/p>\n<p>Hasta el 20 de mayo tendr\u00e1n preferencia l@s soci@s. Os pedimos que hag\u00e1is, en la medida de lo posible, la inscripci\u00f3n y el pago cuanto antes porque facilita mucho la organizaci\u00f3n.<\/p>\n<div><\/div>\n<div>Hora y lugar de salida y regreso del autob\u00fas<\/div>\n<div><\/div>\n<div>Hora de salida: 10:00<\/div>\n<div><\/div>\n<div>Lugar: Avda. Juan Carlos I, 24 (junto al bar Laurel)<\/div>\n<div><\/div>\n<div>Hora de regreso: 19:00<\/div>\n<div><\/div>\n<div>Lugar: Avda. Juan Carlos I, 24 (junto al bar Laurel)<\/div>\n","protected":false},"excerpt":{"rendered":"<p>Este a\u00f1o la excursi\u00f3n familiar ser\u00e1 el domingo 27 de mayo a Laguardia.\u00a0 Visitaremos en Laguardia el\u00a0Estanque Celtib\u00e9rico\u00a0y la\u00a0Torre Abacial. Hacia mediod\u00eda nos trasladaremos al parque de San Gin\u00e9s, en La Bastida. All\u00ed comeremos lo que llevemos y pasaremos la tarde hasta la hora de regreso. Es necesaria inscripci\u00f3n. Precio: -soci@s mayores de 11 a\u00f1os [&hellip;]<\/p>\n","protected":false},"author":1,"featured_media":0,"comment_status":"open","ping_status":"open","sticky":false,"template":"","format":"standard","meta":{"_acf_changed":false,"footnotes":""},"categories":[9],"tags":[],"class_list":["post-380","post","type-post","status-publish","format-standard","hentry","category-noticias"],"acf":[],"_links":{"self":[{"href":"https:\/\/www.umealaia.org\/araba\/wp-json\/wp\/v2\/posts\/380","targetHints":{"allow":["GET"]}}],"collection":[{"href":"https:\/\/www.umealaia.org\/araba\/wp-json\/wp\/v2\/posts"}],"about":[{"href":"https:\/\/www.umealaia.org\/araba\/wp-json\/wp\/v2\/types\/post"}],"author":[{"embeddable":true,"href":"https:\/\/www.umealaia.org\/araba\/wp-json\/wp\/v2\/users\/1"}],"replies":[{"embeddable":true,"href":"https:\/\/www.umealaia.org\/araba\/wp-json\/wp\/v2\/comments?post=380"}],"version-history":[{"count":1,"href":"https:\/\/www.umealaia.org\/araba\/wp-json\/wp\/v2\/posts\/380\/revisions"}],"predecessor-version":[{"id":381,"href":"https:\/\/www.umealaia.org\/araba\/wp-json\/wp\/v2\/posts\/380\/revisions\/381"}],"wp:attachment":[{"href":"https:\/\/www.umealaia.org\/araba\/wp-json\/wp\/v2\/media?parent=380"}],"wp:term":[{"taxonomy":"category","embeddable":true,"href":"https:\/\/www.umealaia.org\/araba\/wp-json\/wp\/v2\/categories?post=380"},{"taxonomy":"post_tag","embeddable":true,"href":"https:\/\/www.umealaia.org\/araba\/wp-json\/wp\/v2\/tags?post=380"}],"curies":[{"name":"wp","href":"https:\/\/api.w.org\/{rel}","templated":true}]}}