{"id":376,"date":"2018-03-07T10:41:30","date_gmt":"2018-03-07T09:41:30","guid":{"rendered":"https:\/\/www.umealaia.org\/araba\/?p=376"},"modified":"2021-10-25T10:42:47","modified_gmt":"2021-10-25T09:42:47","slug":"salida-al-monte-ezkibel-desde-armentia-el-domingo-18-de-marzo","status":"publish","type":"post","link":"https:\/\/www.umealaia.org\/araba\/2018\/03\/07\/salida-al-monte-ezkibel-desde-armentia-el-domingo-18-de-marzo\/","title":{"rendered":"Salida al monte Ezkibel desde Armentia el domingo 18 de marzo"},"content":{"rendered":"<p>El pr\u00f3ximo domingo 18\u00a0 subiremos al monte Ezkibel desde la entrada al bosque de Armentia. Es un <a href=\"http:\/\/paseosdenenes.blogspot.com.es\/2012\/04\/ezkibel-montes-de-vitoria.html\">paseo sin dificultad alguna<\/a>, ideal para peques y familias no muy experimentadas en la monta\u00f1a. Para el paseo prepararemos alguna sorpresa para que el trayecto sea ameno y sin duda divertido, adem\u00e1s el lugar est\u00e1 pensado para finalizarlo a lo grande, ya que en la parte alta hay un castillo derruido, desde donde se ve perfectamente nuestra llanada\u00a0y almorzar lo que llevemos.<\/p>\n<ul>\n<li><a href=\"https:\/\/es.wikiloc.com\/rutas-senderismo\/subida-castillo-de-eskibel-9356314\">Ver la ruta en wikilock<\/a><\/li>\n<\/ul>\n<p>Hemos pensado salir del <a href=\"https:\/\/www.google.com\/maps\/dir\/''\/''\/@42.8302697,-2.7053226,275m\/data=!3m1!1e3!4m8!4m7!1m0!1m5!1m1!1s0xd4fea0143ee1921:0xb39b64127dd2214a!2m2!1d-2.704106!2d42.830298\">parking<\/a> a las 10:15h de la ma\u00f1ana para regresar antes de las 2 del mediod\u00eda a la entrada del parque. A la vuelta nos gustar\u00eda quedarnos a comer por el parque y jugar un rato si el tiempo acompa\u00f1ara y de paso, vernos de nuevo las caras para ponernos al d\u00eda, antes de que nos lleguen las tan esperadas vacaciones de Semana Santa.<\/p>\n<p>\u00a1Venga! nos vemos el domingo 18 de marzo a las 10:15 en el<a href=\"https:\/\/www.google.com\/maps\/dir\/''\/''\/@42.8302697,-2.7053226,275m\/data=!3m1!1e3!4m8!4m7!1m0!1m5!1m1!1s0xd4fea0143ee1921:0xb39b64127dd2214a!2m2!1d-2.704106!2d42.830298\"> parking de Armentia<\/a>. Esta vez no pasaremos lista, pero daremos unos pocos minutos de margen a quienes se les peguen las s\u00e1banas.<\/p>\n","protected":false},"excerpt":{"rendered":"<p>El pr\u00f3ximo domingo 18\u00a0 subiremos al monte Ezkibel desde la entrada al bosque de Armentia. Es un paseo sin dificultad alguna, ideal para peques y familias no muy experimentadas en la monta\u00f1a. Para el paseo prepararemos alguna sorpresa para que el trayecto sea ameno y sin duda divertido, adem\u00e1s el lugar est\u00e1 pensado para finalizarlo [&hellip;]<\/p>\n","protected":false},"author":1,"featured_media":0,"comment_status":"open","ping_status":"open","sticky":false,"template":"","format":"standard","meta":{"_acf_changed":false,"footnotes":""},"categories":[9],"tags":[],"class_list":["post-376","post","type-post","status-publish","format-standard","hentry","category-noticias"],"acf":[],"_links":{"self":[{"href":"https:\/\/www.umealaia.org\/araba\/wp-json\/wp\/v2\/posts\/376","targetHints":{"allow":["GET"]}}],"collection":[{"href":"https:\/\/www.umealaia.org\/araba\/wp-json\/wp\/v2\/posts"}],"about":[{"href":"https:\/\/www.umealaia.org\/araba\/wp-json\/wp\/v2\/types\/post"}],"author":[{"embeddable":true,"href":"https:\/\/www.umealaia.org\/araba\/wp-json\/wp\/v2\/users\/1"}],"replies":[{"embeddable":true,"href":"https:\/\/www.umealaia.org\/araba\/wp-json\/wp\/v2\/comments?post=376"}],"version-history":[{"count":1,"href":"https:\/\/www.umealaia.org\/araba\/wp-json\/wp\/v2\/posts\/376\/revisions"}],"predecessor-version":[{"id":377,"href":"https:\/\/www.umealaia.org\/araba\/wp-json\/wp\/v2\/posts\/376\/revisions\/377"}],"wp:attachment":[{"href":"https:\/\/www.umealaia.org\/araba\/wp-json\/wp\/v2\/media?parent=376"}],"wp:term":[{"taxonomy":"category","embeddable":true,"href":"https:\/\/www.umealaia.org\/araba\/wp-json\/wp\/v2\/categories?post=376"},{"taxonomy":"post_tag","embeddable":true,"href":"https:\/\/www.umealaia.org\/araba\/wp-json\/wp\/v2\/tags?post=376"}],"curies":[{"name":"wp","href":"https:\/\/api.w.org\/{rel}","templated":true}]}}