{"id":322,"date":"2017-12-03T20:02:00","date_gmt":"2017-12-03T19:02:00","guid":{"rendered":""},"modified":"2021-10-25T10:40:10","modified_gmt":"2021-10-25T09:40:10","slug":"como-manda-la-tradicion-tradizioa-jarraituz","status":"publish","type":"post","link":"https:\/\/www.umealaia.org\/araba\/2017\/12\/03\/como-manda-la-tradicion-tradizioa-jarraituz\/","title":{"rendered":"Como manda la tradici\u00f3n&#8230; Tradizioa jarraituz"},"content":{"rendered":"<p>Ya es una tradici\u00f3n. Os invitamos al encuentro familiar que celebrar\u00e1 Ume Alaia Araba el&nbsp;<b>s\u00e1bado 16 de diciembr<\/b>e. Aprovecharemos para encontrarnos y hablar de nuestras cosas, conocer gente nueva, hablar de proyectos de futuro&#8230; Y sobre todo, disfrutar en compa\u00f1\u00eda.<\/p>\n<p>Tradizio bihurtu da. Gonbidatzen zaituztegu gurekin elkartzera&nbsp;<b>abenduaren 16an<\/b>, larunbata. Gure artean hitzegiteko, etorkizun-planei buruz mintza egiteko, eta jende berria ezagutzeko ezin pareko aukera izango delako. Baina, batez ere, konpania gozatzeko.<\/p>\n<p>Hona duzue aurtengo proposamena.<br \/>Este a\u00f1o os proponemos:<\/p>\n<p>&#8211; 11:00 &#8211; 13:00: Taller de&nbsp;<b>manualidades, eskulan&nbsp;<\/b>tailerrak. (3-12 a\u00f1os).<br \/>&#8211; 12:00 &#8211; 13: 00.:&nbsp;<b>Parkour&nbsp;<\/b>iniziazioa. Iniciaci\u00f3n al&nbsp;<b>Parkour&nbsp;<\/b>de 8 a 12 a\u00f1os.&nbsp;<span style=\"background-color: white\">(Aldabe gimnasio)<\/span><br \/>&#8211; 13:00 &#8211; 14:00:&nbsp;<b>Parkour&nbsp;<\/b>iniziazioa. Iniciaci\u00f3n al&nbsp;<b>Parkour&nbsp;<\/b>de 12 a 20 a\u00f1os.&nbsp;<span style=\"background-color: white\">(Aldabe gimnasio)<\/span><\/p>\n<div style=\"background-color: white\">&#8211; 14:00-18:00 Comida &#8211; Bazkaria<\/div>\n<p><span style=\"background-color: white\"><br \/><\/span><span style=\"background-color: white\">Lugar\/<\/span><span style=\"background-color: white\">&nbsp;<\/span><span style=\"background-color: white\">Lekua&nbsp;<\/span><span style=\"background-color: white\">&nbsp;<\/span><a href=\"https:\/\/www.google.es\/maps\/place\/Calle+del+Cubo,+26,+01001+Vitoria-Gasteiz,+%C3%81lava\/@42.852635,-2.672576,4457m\/data=!3m1!1e3!4m5!3m4!1s0xd4fc2420c2e3a19:0x7059d55702d98251!8m2!3d42.8526349!4d-2.6725762?hl=es\" style=\"background-color: white;color: #1155cc\">Kikilisalda<\/a><span style=\"background-color: white\">. Cubo 26, Vitoria-Gasteiz.<\/span><br \/><a href=\"https:\/\/goo.gl\/forms\/rMKmvPHjZBWej8Wz1\">Inscripci\u00f3n \/ Izena eman<\/a><\/p>\n<div style=\"clear: both;text-align: center\"><\/div>\n<div style=\"clear: both;text-align: center\"><\/div>\n<p>Colabora: <a href=\"http:\/\/www.araba.eus\/\">Diputaci\u00f3n Foral de \u00c1lava<\/a>&nbsp;&#8211;&nbsp;<a href=\"http:\/\/arabako%20furu%20aldundia\/\">Arabako Furu Aldundia<\/a> Laguntzaile<\/p>\n<p><img decoding=\"async\" alt=\"ARABAKO FORU ALDUNDIA\" src=\"https:\/\/www.araba.eus\/cs\/Satellite?blobcol=urldata&amp;blobheader=image\/jpg&amp;blobkey=id&amp;blobtable=MungoBlobs&amp;blobwhere=1224092280629&amp;ssbinary=true\" \/><\/p>\n","protected":false},"excerpt":{"rendered":"<p>Ya es una tradici\u00f3n. Os invitamos al encuentro familiar que celebrar\u00e1 Ume Alaia Araba el&nbsp;s\u00e1bado 16 de diciembre. Aprovecharemos para encontrarnos y hablar de nuestras cosas, conocer gente nueva, hablar de proyectos de futuro&#8230; Y sobre todo, disfrutar en compa\u00f1\u00eda. Tradizio bihurtu da. Gonbidatzen zaituztegu gurekin elkartzera&nbsp;abenduaren 16an, larunbata. Gure artean hitzegiteko, etorkizun-planei buruz mintza [&hellip;]<\/p>\n","protected":false},"author":6,"featured_media":0,"comment_status":"open","ping_status":"open","sticky":false,"template":"","format":"standard","meta":{"_acf_changed":false,"footnotes":""},"categories":[9,1],"tags":[],"class_list":["post-322","post","type-post","status-publish","format-standard","hentry","category-noticias","category-sin-categorizar"],"acf":[],"_links":{"self":[{"href":"https:\/\/www.umealaia.org\/araba\/wp-json\/wp\/v2\/posts\/322","targetHints":{"allow":["GET"]}}],"collection":[{"href":"https:\/\/www.umealaia.org\/araba\/wp-json\/wp\/v2\/posts"}],"about":[{"href":"https:\/\/www.umealaia.org\/araba\/wp-json\/wp\/v2\/types\/post"}],"author":[{"embeddable":true,"href":"https:\/\/www.umealaia.org\/araba\/wp-json\/wp\/v2\/users\/6"}],"replies":[{"embeddable":true,"href":"https:\/\/www.umealaia.org\/araba\/wp-json\/wp\/v2\/comments?post=322"}],"version-history":[{"count":1,"href":"https:\/\/www.umealaia.org\/araba\/wp-json\/wp\/v2\/posts\/322\/revisions"}],"predecessor-version":[{"id":323,"href":"https:\/\/www.umealaia.org\/araba\/wp-json\/wp\/v2\/posts\/322\/revisions\/323"}],"wp:attachment":[{"href":"https:\/\/www.umealaia.org\/araba\/wp-json\/wp\/v2\/media?parent=322"}],"wp:term":[{"taxonomy":"category","embeddable":true,"href":"https:\/\/www.umealaia.org\/araba\/wp-json\/wp\/v2\/categories?post=322"},{"taxonomy":"post_tag","embeddable":true,"href":"https:\/\/www.umealaia.org\/araba\/wp-json\/wp\/v2\/tags?post=322"}],"curies":[{"name":"wp","href":"https:\/\/api.w.org\/{rel}","templated":true}]}}