{"id":262,"date":"2013-10-13T15:15:00","date_gmt":"2013-10-13T14:15:00","guid":{"rendered":"https:\/\/www.umealaia.org\/araba\/2013\/10\/13\/bibliografia-recomendada-por-la-dfa\/"},"modified":"2013-10-13T15:15:00","modified_gmt":"2013-10-13T14:15:00","slug":"bibliografia-recomendada-por-la-dfa","status":"publish","type":"post","link":"https:\/\/www.umealaia.org\/araba\/2013\/10\/13\/bibliografia-recomendada-por-la-dfa\/","title":{"rendered":"Bibliograf\u00eda recomendada por la DFA"},"content":{"rendered":"<p><span style=\"font-size: 12pt;font-weight: bold;text-decoration: underline\"><\/span><\/p>\n<p>&nbsp;He aqu\u00ed una relaci\u00f3n de publicaciones sobre adopci\u00f3n y familia:<\/p>\n<ul>\n<li>\n<div style=\"text-align: justify\"><span style=\"font-size: 12pt\">\u201cEl ni\u00f1o adoptado. Comprender la herida primaria\u201d. Nancy Newton Verrier. Ae Albesa.<\/span><\/div>\n<\/li>\n<li>\n<div style=\"text-align: justify\"><span style=\"font-size: 12pt\">\u201c\u00bfTodo ni\u00f1o viene con un pan debajo del brazo? Gu\u00eda para padres adoptivos con hijos con trastornos del apego\u201d.&nbsp; Jos\u00e9 Luis Gonzalo &#8211; Oscar P\u00e9rez Muga. Desclee De Brouwer.<\/span><\/div>\n<\/li>\n<li>\n<div style=\"text-align: justify\"><span style=\"font-size: 12pt\">&nbsp;\u201cInd\u00f3mito y entra\u00f1able. El hijo que vino de fuera\u201d. Jos\u00e9 Angel Jim\u00e9nez Alvira. Gedisa Editorial.<\/span><\/div>\n<\/li>\n<li><span style=\"font-size: 12pt\">\u201cEl ni\u00f1o abandonado. Gu\u00eda para el tratamiento de los trastornos del apego\u201d. Niels Peter Rygaard.<\/span><\/li>\n<li>\n<div style=\"text-align: justify\"><span style=\"font-size: 12pt\">\u201cEl lenguaje de las flores\u201d. Vanessa Diffenbaugh. Letras de Bolsillo.<\/span><\/div>\n<\/li>\n<li>\n<div style=\"text-align: justify\"><span style=\"font-size: 12pt\">\u201cSoy adoptado\u201d. David M. Brodzinsky, Marshall Schechter y  Robin Marantz Henig. Grupo 5.<\/span><\/div>\n<\/li>\n<li>\n<div style=\"text-align: justify\"><span style=\"font-size: 12pt\">\u201cEsta es tu historia. Identidad y comunicaci\u00f3n sobre los or\u00edgenes  en adopci\u00f3n\u201d. Ana Ber\u00e1stegui-Pedro Viejo &#8211; Blanca G\u00f3mez Bengoechea.  Publicaciones Universidad Pontificia Comillas.<\/span><\/div>\n<\/li>\n<\/ul>\n","protected":false},"excerpt":{"rendered":"<p>&nbsp;He aqu\u00ed una relaci\u00f3n de publicaciones sobre adopci\u00f3n y familia: \u201cEl ni\u00f1o adoptado. Comprender la herida primaria\u201d. Nancy Newton Verrier. Ae Albesa. \u201c\u00bfTodo ni\u00f1o viene con un pan debajo del brazo? Gu\u00eda para padres adoptivos con hijos con trastornos del apego\u201d.&nbsp; Jos\u00e9 Luis Gonzalo &#8211; Oscar P\u00e9rez Muga. Desclee De Brouwer. &nbsp;\u201cInd\u00f3mito y entra\u00f1able. El [&hellip;]<\/p>\n","protected":false},"author":6,"featured_media":0,"comment_status":"open","ping_status":"open","sticky":false,"template":"","format":"standard","meta":{"_acf_changed":false,"footnotes":""},"categories":[1],"tags":[],"class_list":["post-262","post","type-post","status-publish","format-standard","hentry","category-sin-categorizar"],"acf":[],"_links":{"self":[{"href":"https:\/\/www.umealaia.org\/araba\/wp-json\/wp\/v2\/posts\/262","targetHints":{"allow":["GET"]}}],"collection":[{"href":"https:\/\/www.umealaia.org\/araba\/wp-json\/wp\/v2\/posts"}],"about":[{"href":"https:\/\/www.umealaia.org\/araba\/wp-json\/wp\/v2\/types\/post"}],"author":[{"embeddable":true,"href":"https:\/\/www.umealaia.org\/araba\/wp-json\/wp\/v2\/users\/6"}],"replies":[{"embeddable":true,"href":"https:\/\/www.umealaia.org\/araba\/wp-json\/wp\/v2\/comments?post=262"}],"version-history":[{"count":0,"href":"https:\/\/www.umealaia.org\/araba\/wp-json\/wp\/v2\/posts\/262\/revisions"}],"wp:attachment":[{"href":"https:\/\/www.umealaia.org\/araba\/wp-json\/wp\/v2\/media?parent=262"}],"wp:term":[{"taxonomy":"category","embeddable":true,"href":"https:\/\/www.umealaia.org\/araba\/wp-json\/wp\/v2\/categories?post=262"},{"taxonomy":"post_tag","embeddable":true,"href":"https:\/\/www.umealaia.org\/araba\/wp-json\/wp\/v2\/tags?post=262"}],"curies":[{"name":"wp","href":"https:\/\/api.w.org\/{rel}","templated":true}]}}