{"id":261,"date":"2013-10-16T21:52:00","date_gmt":"2013-10-16T20:52:00","guid":{"rendered":"https:\/\/www.umealaia.org\/araba\/2013\/10\/16\/encuentro-de-presentacion-ume-alaia-araba\/"},"modified":"2013-10-16T21:52:00","modified_gmt":"2013-10-16T20:52:00","slug":"encuentro-de-presentacion-ume-alaia-araba","status":"publish","type":"post","link":"https:\/\/www.umealaia.org\/araba\/2013\/10\/16\/encuentro-de-presentacion-ume-alaia-araba\/","title":{"rendered":"Encuentro de presentaci\u00f3n Ume Alaia Araba"},"content":{"rendered":"<p><span style=\"font-family: inherit\">Este domingo se presenta por fin la asociaci\u00f3n Ume Alaia Araba. Las familias que desde el pasado verano llevamos trabajando en la iniciativa, esperamos que el pr\u00f3ximo domingo 20 de octubre a las 11 de la ma\u00f1ana acuda el mayor n\u00famero de&nbsp;personas. <\/span><br \/><span style=\"font-family: inherit\"><\/span><br \/><span style=\"font-family: inherit\">El&nbsp;espacio donde se celebrar\u00e1 el evento ser\u00e1 el&nbsp;cedido por&nbsp;la asociaci\u00f3n Burdinbide en el <\/span><a href=\"https:\/\/maps.google.es\/maps?q=Estrasburgo+Ibilbidea,+17,+Vitoria&amp;hl=es&amp;ll=42.854024,-2.650645&amp;spn=0.00306,0.004823&amp;sll=42.852679,-2.650339&amp;sspn=0.00306,0.004823&amp;oq=Estrasburgo++17+vitoria&amp;hnear=Estrasburgo+Ibilbidea,+17,+01002+Vitoria-Gasteiz,+Araba&amp;t=m&amp;z=18\" target=\"_blank\"><span style=\"font-family: inherit\">Paseo de Estrasburgo n\u00ba17<\/span><\/a><span style=\"font-family: inherit\"> de Salbur\u00faa. El local se ubica en una zona peatonal localizada tras el bar&nbsp;\u00abUn toque de&nbsp;laurel\u00bb, junto a las conocidas&nbsp;torres bioclim\u00e1ticas.<\/span><br \/><span style=\"font-family: inherit\"><\/span><br \/><span style=\"font-family: inherit\">El orden del d\u00eda del evento consistir\u00e1 en :<\/span><\/p>\n<ul><span style=\"font-family: inherit\"><\/span><\/p>\n<li><span style=\"font-family: inherit\">Presentaci\u00f3n de la asociaci\u00f3n.<\/span>\n<li><span style=\"font-family: inherit\">Din\u00e1mica participativa.<\/span>\n<li><span style=\"font-family: inherit\">Aperitivo.<\/span>\n<li><span style=\"font-family: inherit\">Puesta en com\u00fan.<\/span>\n<li><span style=\"font-family: inherit\"><span style=\"font-size: small\"><span style=\"font-style: normal\"><span style=\"font-weight: normal\">Ruegos  y preguntas.<\/span><\/span><\/span><br \/> <\/span><\/li>\n<p><span style=\"font-family: inherit\">    <\/span>           <\/li>\n<\/li>\n<\/li>\n<\/li>\n<\/ul>\n<p><span style=\"font-family: inherit\">Este encuentro&nbsp; est\u00e1 pensado para que&nbsp; asistan&nbsp;padres y madres, en las pr\u00f3ximas citas los ni\u00f1os y ni\u00f1as ser\u00e1n tambi\u00e9n protagonistas.&nbsp; Nuestra intenci\u00f3n es que el evento dure hasta la una. Pod\u00e9is confirmar vuestra asistencia o contactar con nosotros en el correo electr\u00f3nico <\/span><a href=\"mailto:umealaia.araba@gmail.com\"><span style=\"font-family: inherit\">umealaia.araba@gmail.com<\/span><\/a><br \/><span style=\"font-family: inherit\"><\/span><br \/><span style=\"font-family: inherit\">\u00a1Os esperamos!<\/span><\/p>\n","protected":false},"excerpt":{"rendered":"<p>Este domingo se presenta por fin la asociaci\u00f3n Ume Alaia Araba. Las familias que desde el pasado verano llevamos trabajando en la iniciativa, esperamos que el pr\u00f3ximo domingo 20 de octubre a las 11 de la ma\u00f1ana acuda el mayor n\u00famero de&nbsp;personas. El&nbsp;espacio donde se celebrar\u00e1 el evento ser\u00e1 el&nbsp;cedido por&nbsp;la asociaci\u00f3n Burdinbide en el [&hellip;]<\/p>\n","protected":false},"author":6,"featured_media":0,"comment_status":"open","ping_status":"open","sticky":false,"template":"","format":"standard","meta":{"_acf_changed":false,"footnotes":""},"categories":[1],"tags":[],"class_list":["post-261","post","type-post","status-publish","format-standard","hentry","category-sin-categorizar"],"acf":[],"_links":{"self":[{"href":"https:\/\/www.umealaia.org\/araba\/wp-json\/wp\/v2\/posts\/261","targetHints":{"allow":["GET"]}}],"collection":[{"href":"https:\/\/www.umealaia.org\/araba\/wp-json\/wp\/v2\/posts"}],"about":[{"href":"https:\/\/www.umealaia.org\/araba\/wp-json\/wp\/v2\/types\/post"}],"author":[{"embeddable":true,"href":"https:\/\/www.umealaia.org\/araba\/wp-json\/wp\/v2\/users\/6"}],"replies":[{"embeddable":true,"href":"https:\/\/www.umealaia.org\/araba\/wp-json\/wp\/v2\/comments?post=261"}],"version-history":[{"count":0,"href":"https:\/\/www.umealaia.org\/araba\/wp-json\/wp\/v2\/posts\/261\/revisions"}],"wp:attachment":[{"href":"https:\/\/www.umealaia.org\/araba\/wp-json\/wp\/v2\/media?parent=261"}],"wp:term":[{"taxonomy":"category","embeddable":true,"href":"https:\/\/www.umealaia.org\/araba\/wp-json\/wp\/v2\/categories?post=261"},{"taxonomy":"post_tag","embeddable":true,"href":"https:\/\/www.umealaia.org\/araba\/wp-json\/wp\/v2\/tags?post=261"}],"curies":[{"name":"wp","href":"https:\/\/api.w.org\/{rel}","templated":true}]}}