{"id":259,"date":"2013-10-23T22:46:00","date_gmt":"2013-10-23T21:46:00","guid":{"rendered":"https:\/\/www.umealaia.org\/araba\/2013\/10\/23\/cronica-del-primer-encuentro-de-ume-alaia-araba\/"},"modified":"2013-10-23T22:46:00","modified_gmt":"2013-10-23T21:46:00","slug":"cronica-del-primer-encuentro-de-ume-alaia-araba","status":"publish","type":"post","link":"https:\/\/www.umealaia.org\/araba\/2013\/10\/23\/cronica-del-primer-encuentro-de-ume-alaia-araba\/","title":{"rendered":"Cr\u00f3nica del primer encuentro de Ume Alaia Araba"},"content":{"rendered":"<p>Tras unos meses de reuniones y&nbsp;preparativos, el pasado domingo&nbsp;nos presentamos como asociaci\u00f3n. Sali\u00f3 un d\u00eda espl\u00e9ndido, detalle que no impidi\u00f3 que acudieran m\u00e1s de 30&nbsp;personas al evento.<\/p>\n<div style=\"clear: both;text-align: center\"><a href=\"http:\/\/3.bp.blogspot.com\/-Xy9-xWXZPbI\/Umg0scMuIYI\/AAAAAAAAABg\/1awa9g8sdsg\/s1600\/PA200000.JPG\" style=\"margin-left: 1em;margin-right: 1em\"><img loading=\"lazy\" decoding=\"async\" border=\"0\" height=\"169\" src=\"http:\/\/3.bp.blogspot.com\/-Xy9-xWXZPbI\/Umg0scMuIYI\/AAAAAAAAABg\/1awa9g8sdsg\/s320\/PA200000.JPG\" width=\"320\" \/><\/a><\/div>\n<p>Inicialmente se&nbsp;explicaron los or\u00edgenes de la iniciativa y se presentaron las personas que forman la junta directiva. Posteriormente comenzamos&nbsp;una actividad&nbsp;participativa, lo cual&nbsp;hizo que&nbsp;el encuentro se abriera a las opiniones de sus asistentes.<\/p>\n<div style=\"clear: both;text-align: center\"><a href=\"http:\/\/3.bp.blogspot.com\/-AC_D6elGkOo\/Umgx6LTJhvI\/AAAAAAAAABQ\/lgXS4vlwfW4\/s1600\/PA200013.JPG\" style=\"margin-left: 1em;margin-right: 1em\"><img loading=\"lazy\" decoding=\"async\" border=\"0\" height=\"240\" src=\"http:\/\/3.bp.blogspot.com\/-AC_D6elGkOo\/Umgx6LTJhvI\/AAAAAAAAABQ\/lgXS4vlwfW4\/s320\/PA200013.JPG\" width=\"320\" \/><\/a><\/div>\n<p>El trabajo en grupo llev\u00f3 a un rato de distensi\u00f3n alrededor de un aperitivo, lo cual permiti\u00f3 que la gente se diera&nbsp;a conocer.<\/p>\n<div style=\"clear: both;text-align: center\"><a href=\"http:\/\/1.bp.blogspot.com\/-Uf6MkMRt470\/Umg5a7JqxpI\/AAAAAAAAAB4\/e_pisrP2MLs\/s1600\/PA200017.JPG\" style=\"margin-left: 1em;margin-right: 1em\"><img loading=\"lazy\" decoding=\"async\" border=\"0\" height=\"154\" src=\"http:\/\/1.bp.blogspot.com\/-Uf6MkMRt470\/Umg5a7JqxpI\/AAAAAAAAAB4\/e_pisrP2MLs\/s320\/PA200017.JPG\" width=\"320\" \/><\/a><\/div>\n<div style=\"clear: both;text-align: center\">&nbsp;<\/div>\n<div style=\"clear: both;text-align: left\">El encuentro finaliz\u00f3 con una puesta en com\u00fan del trabajo en grupos.&nbsp;Concretamente se expusieron las diferentes ideas recogidas sobre las expectativas de la gente sobre&nbsp;el proyecto, las actividades en las que se participar\u00eda y las aportaciones que se podr\u00edan hacer a la asociaci\u00f3n o al colectivo. El encuentro&nbsp;se cerr\u00f3&nbsp;seguidamente con un sincero agradecimiento a todas las personas que acudieron.<\/div>\n<div style=\"clear: both;text-align: center\">&nbsp;<\/div>\n<div style=\"clear: both;text-align: center\"><a href=\"http:\/\/4.bp.blogspot.com\/-NHzMpjLBB7A\/Umg8THhhQvI\/AAAAAAAAACA\/vj7RUXbK3QM\/s1600\/PA200026.JPG\" style=\"margin-left: 1em;margin-right: 1em\"><img loading=\"lazy\" decoding=\"async\" border=\"0\" height=\"178\" src=\"http:\/\/4.bp.blogspot.com\/-NHzMpjLBB7A\/Umg8THhhQvI\/AAAAAAAAACA\/vj7RUXbK3QM\/s320\/PA200026.JPG\" width=\"320\" \/><\/a><\/div>\n<div style=\"clear: both;text-align: center\">&nbsp;<\/div>\n<div style=\"clear: both;text-align: left\">La pr\u00f3xima cita ser\u00e1 el 29 de octubre a las 19:00h. En esta&nbsp;ocasi\u00f3n trabajaremos, entre otras&nbsp;cosas,&nbsp;en las futuras actividades de la asociaci\u00f3n. \u00a1Est\u00e1is todos y todas invitados!<\/div>\n","protected":false},"excerpt":{"rendered":"<p>Tras unos meses de reuniones y&nbsp;preparativos, el pasado domingo&nbsp;nos presentamos como asociaci\u00f3n. Sali\u00f3 un d\u00eda espl\u00e9ndido, detalle que no impidi\u00f3 que acudieran m\u00e1s de 30&nbsp;personas al evento. Inicialmente se&nbsp;explicaron los or\u00edgenes de la iniciativa y se presentaron las personas que forman la junta directiva. Posteriormente comenzamos&nbsp;una actividad&nbsp;participativa, lo cual&nbsp;hizo que&nbsp;el encuentro se abriera a las [&hellip;]<\/p>\n","protected":false},"author":6,"featured_media":0,"comment_status":"open","ping_status":"open","sticky":false,"template":"","format":"standard","meta":{"_acf_changed":false,"footnotes":""},"categories":[1],"tags":[],"class_list":["post-259","post","type-post","status-publish","format-standard","hentry","category-sin-categorizar"],"acf":[],"_links":{"self":[{"href":"https:\/\/www.umealaia.org\/araba\/wp-json\/wp\/v2\/posts\/259","targetHints":{"allow":["GET"]}}],"collection":[{"href":"https:\/\/www.umealaia.org\/araba\/wp-json\/wp\/v2\/posts"}],"about":[{"href":"https:\/\/www.umealaia.org\/araba\/wp-json\/wp\/v2\/types\/post"}],"author":[{"embeddable":true,"href":"https:\/\/www.umealaia.org\/araba\/wp-json\/wp\/v2\/users\/6"}],"replies":[{"embeddable":true,"href":"https:\/\/www.umealaia.org\/araba\/wp-json\/wp\/v2\/comments?post=259"}],"version-history":[{"count":0,"href":"https:\/\/www.umealaia.org\/araba\/wp-json\/wp\/v2\/posts\/259\/revisions"}],"wp:attachment":[{"href":"https:\/\/www.umealaia.org\/araba\/wp-json\/wp\/v2\/media?parent=259"}],"wp:term":[{"taxonomy":"category","embeddable":true,"href":"https:\/\/www.umealaia.org\/araba\/wp-json\/wp\/v2\/categories?post=259"},{"taxonomy":"post_tag","embeddable":true,"href":"https:\/\/www.umealaia.org\/araba\/wp-json\/wp\/v2\/tags?post=259"}],"curies":[{"name":"wp","href":"https:\/\/api.w.org\/{rel}","templated":true}]}}