{"id":258,"date":"2013-11-03T23:15:00","date_gmt":"2013-11-03T22:15:00","guid":{"rendered":"https:\/\/www.umealaia.org\/araba\/2013\/11\/03\/unica-proyeccion-del-documental-approved-for-adoption-en-euskadi\/"},"modified":"2013-11-03T23:15:00","modified_gmt":"2013-11-03T22:15:00","slug":"unica-proyeccion-del-documental-approved-for-adoption-en-euskadi","status":"publish","type":"post","link":"https:\/\/www.umealaia.org\/araba\/2013\/11\/03\/unica-proyeccion-del-documental-approved-for-adoption-en-euskadi\/","title":{"rendered":"\u00danica proyecci\u00f3n del documental Approved for adoption en Euskadi"},"content":{"rendered":"<p>El d\u00eda 14 de noviembre a las 19:30 se proyectar\u00e1 gratuitamente en la<a href=\"https:\/\/maps.google.es\/maps?q=ITURRI+KULTUR+ETXEA+adoption&amp;ie=UTF-8&amp;ei=8ch2UuDxGMOq0QX4uIDYBA&amp;ved=0CAgQ_AUoAg\" target=\"_blank\"> Iturri Kultur Etxea<\/a>&nbsp;de Elorrio el documental <em>Approved for adoption<\/em>. \u00c9sta ser\u00e1 la \u00fanica ocasi\u00f3n que tendremos para ver en el Pa\u00eds Vasco&nbsp;la adaptaci\u00f3n cinematogr\u00e1fica de la novela gr\u00e1fica&nbsp;de Jung <em>Piel color miel<\/em>, obra que&nbsp;narra la&nbsp;historia de la adopci\u00f3n del&nbsp;propio Jung. Bajo el v\u00eddeo adjuntamos el resumen del muy recomendado&nbsp;<a href=\"http:\/\/www.casadellibro.com\/libro-piel-color-miel\/9788461268801\/1234788\" target=\"_blank\">comic<\/a> tomado de la web de la <em>Casa del libro<\/em> donde&nbsp;est\u00e1 a la venta.<\/p>\n<p>Si alguien se anima a acudir a Elorrio&nbsp;y quiere compartir su veh\u00edculo, o bien quiere asistir en compa\u00f1\u00eda, puede enviarnos un mensaje a <a href=\"mailto:umealaiaaraba@gmail.com\">umealaiaaraba@gmail.com<\/a> y los pondremos en contacto.<br \/><span><\/span><\/p>\n<div style=\"color: #535353;font: 0.91em\/1.15em Arial, Helvetica, sans-serif;letter-spacing: normal;margin: 0px;padding: 0px 0px 0.75em;text-indent: 0px\">\n<div style=\"text-align: center\"><\/div>\n<p><span><\/span><\/p>\n<div style=\"color: #535353;font: 0.91em\/1.15em Arial, Helvetica, sans-serif;letter-spacing: normal;margin: 0px;padding: 0px 0px 0.75em;text-indent: 0px\"><strong style=\"color: #3b3b3b\">Jun Jung-sik<\/strong><span>&nbsp;<\/span>vagabundea por las calles de Se\u00fal cuando un polic\u00eda le coge de la mano para llevarlo a un orfanato norteamericano. Ten\u00eda entonces 5 a\u00f1os. Unas cuantas fotos, un informe de adopci\u00f3n: sus recuerdos penden de un hilo. En 2007, Jung decide enfrentarse con los fantasmas de su vida a trav\u00e9s de este relato terriblemente \u00edntimo: su supervivencia en Corea, su nueva familia belga, el dif\u00edcil periodo del rechazo adolescente a la familia. As\u00ed descubre a los dem\u00e1s: sus amigos, entre los que habr\u00e1 otros coreanos adoptados y\u2026 las chicas, por las que tiene un inter\u00e9s pronunciado y entre las que goza de un cierto \u00e9xito. Pero, a medida que crece, aumenta en \u00e9l la angustia. Esa angustia que todos los hijos adoptivos parecen experimentar y que para algunos es incluso fatal. Al combate por encajar en el entorno familiar le sucede el de aceptarse finalmente en la vida adulta tal y como uno es, con algunas preguntas sin respuesta. Sin ninguna respuesta.<span>&nbsp;<\/span><\/div>\n<p>&nbsp;<\/p><\/div>\n","protected":false},"excerpt":{"rendered":"<p>El d\u00eda 14 de noviembre a las 19:30 se proyectar\u00e1 gratuitamente en la Iturri Kultur Etxea&nbsp;de Elorrio el documental Approved for adoption. \u00c9sta ser\u00e1 la \u00fanica ocasi\u00f3n que tendremos para ver en el Pa\u00eds Vasco&nbsp;la adaptaci\u00f3n cinematogr\u00e1fica de la novela gr\u00e1fica&nbsp;de Jung Piel color miel, obra que&nbsp;narra la&nbsp;historia de la adopci\u00f3n del&nbsp;propio Jung. Bajo el [&hellip;]<\/p>\n","protected":false},"author":6,"featured_media":0,"comment_status":"open","ping_status":"open","sticky":false,"template":"","format":"standard","meta":{"_acf_changed":false,"footnotes":""},"categories":[1],"tags":[],"class_list":["post-258","post","type-post","status-publish","format-standard","hentry","category-sin-categorizar"],"acf":[],"_links":{"self":[{"href":"https:\/\/www.umealaia.org\/araba\/wp-json\/wp\/v2\/posts\/258","targetHints":{"allow":["GET"]}}],"collection":[{"href":"https:\/\/www.umealaia.org\/araba\/wp-json\/wp\/v2\/posts"}],"about":[{"href":"https:\/\/www.umealaia.org\/araba\/wp-json\/wp\/v2\/types\/post"}],"author":[{"embeddable":true,"href":"https:\/\/www.umealaia.org\/araba\/wp-json\/wp\/v2\/users\/6"}],"replies":[{"embeddable":true,"href":"https:\/\/www.umealaia.org\/araba\/wp-json\/wp\/v2\/comments?post=258"}],"version-history":[{"count":0,"href":"https:\/\/www.umealaia.org\/araba\/wp-json\/wp\/v2\/posts\/258\/revisions"}],"wp:attachment":[{"href":"https:\/\/www.umealaia.org\/araba\/wp-json\/wp\/v2\/media?parent=258"}],"wp:term":[{"taxonomy":"category","embeddable":true,"href":"https:\/\/www.umealaia.org\/araba\/wp-json\/wp\/v2\/categories?post=258"},{"taxonomy":"post_tag","embeddable":true,"href":"https:\/\/www.umealaia.org\/araba\/wp-json\/wp\/v2\/tags?post=258"}],"curies":[{"name":"wp","href":"https:\/\/api.w.org\/{rel}","templated":true}]}}