{"id":257,"date":"2013-11-07T22:41:00","date_gmt":"2013-11-07T21:41:00","guid":{"rendered":"https:\/\/www.umealaia.org\/araba\/2013\/11\/07\/cafe-tertulia-el-martes-12-a-las-1900-te-apuntas\/"},"modified":"2013-11-07T22:41:00","modified_gmt":"2013-11-07T21:41:00","slug":"cafe-tertulia-el-martes-12-a-las-1900-te-apuntas","status":"publish","type":"post","link":"https:\/\/www.umealaia.org\/araba\/2013\/11\/07\/cafe-tertulia-el-martes-12-a-las-1900-te-apuntas\/","title":{"rendered":"Cafe Tertulia el martes 12 a las 19:00 \u00bfte apuntas?"},"content":{"rendered":"<p>Este martes nos juntaremos en los locales&nbsp;&nbsp;del <a href=\"https:\/\/maps.google.es\/maps?q=Estrasburgo+Ibilbidea,+17,+Vitoria&amp;hl=es&amp;ll=42.854024,-2.650645&amp;spn=0.00306,0.004823&amp;sll=42.852679,-2.650339&amp;sspn=0.00306,0.004823&amp;oq=Estrasburgo++17+vitoria&amp;hnear=Estrasburgo+Ibilbidea,+17,+01002+Vitoria-Gasteiz,+Araba&amp;t=m&amp;z=18\" target=\"_blank\"><span style=\"font-family: inherit\"><span style=\"color: #2288bb\">Paseo de Estrasburgo n\u00ba17<\/span><\/span><\/a><span style=\"font-family: inherit\"> <\/span>para charlar un rato en una actividad similar a los populares world caf\u00e9.&nbsp;Aqu\u00ed nos sentaremos con una bebida&nbsp;en grupos de 4 o 5 personas para conocernos y hablar sobre diversos temas que all\u00ed explicaremos. Por supuesto que prepararemos tambi\u00e9n algo para que los&nbsp;m\u00e1s peque\u00f1os est\u00e9n distra\u00eddos&nbsp;cuando nos juntemos.<\/p>\n<div style=\"clear: both;text-align: center\"><a href=\"http:\/\/cafeplazavitoria.com\/wp-content\/uploads\/2011\/05\/cafe-sonriente.jpg\" style=\"clear: left;float: left;margin-bottom: 1em;margin-right: 1em\"><img decoding=\"async\" border=\"0\" src=\"http:\/\/cafeplazavitoria.com\/wp-content\/uploads\/2011\/05\/cafe-sonriente.jpg\" \/><\/a><\/div>\n<p>La convocatoria es las 19:00h, pero bueno&nbsp;si alguien llega m\u00e1s tarde tambi\u00e9n podr\u00e1 participar. Llevaremos caf\u00e9, t\u00e9 y alg\u00fan dulce para amenizar el tiempo que all\u00ed pasemos. Si alguien quiere llevar unas velas o unos vasitos con flores para decorar las mesas, seguro que ser\u00e1 genial.<\/p>\n<p>\u00bfTe apuntas?<\/p>\n","protected":false},"excerpt":{"rendered":"<p>Este martes nos juntaremos en los locales&nbsp;&nbsp;del Paseo de Estrasburgo n\u00ba17 para charlar un rato en una actividad similar a los populares world caf\u00e9.&nbsp;Aqu\u00ed nos sentaremos con una bebida&nbsp;en grupos de 4 o 5 personas para conocernos y hablar sobre diversos temas que all\u00ed explicaremos. Por supuesto que prepararemos tambi\u00e9n algo para que los&nbsp;m\u00e1s peque\u00f1os [&hellip;]<\/p>\n","protected":false},"author":6,"featured_media":0,"comment_status":"open","ping_status":"open","sticky":false,"template":"","format":"standard","meta":{"_acf_changed":false,"footnotes":""},"categories":[1],"tags":[],"class_list":["post-257","post","type-post","status-publish","format-standard","hentry","category-sin-categorizar"],"acf":[],"_links":{"self":[{"href":"https:\/\/www.umealaia.org\/araba\/wp-json\/wp\/v2\/posts\/257","targetHints":{"allow":["GET"]}}],"collection":[{"href":"https:\/\/www.umealaia.org\/araba\/wp-json\/wp\/v2\/posts"}],"about":[{"href":"https:\/\/www.umealaia.org\/araba\/wp-json\/wp\/v2\/types\/post"}],"author":[{"embeddable":true,"href":"https:\/\/www.umealaia.org\/araba\/wp-json\/wp\/v2\/users\/6"}],"replies":[{"embeddable":true,"href":"https:\/\/www.umealaia.org\/araba\/wp-json\/wp\/v2\/comments?post=257"}],"version-history":[{"count":0,"href":"https:\/\/www.umealaia.org\/araba\/wp-json\/wp\/v2\/posts\/257\/revisions"}],"wp:attachment":[{"href":"https:\/\/www.umealaia.org\/araba\/wp-json\/wp\/v2\/media?parent=257"}],"wp:term":[{"taxonomy":"category","embeddable":true,"href":"https:\/\/www.umealaia.org\/araba\/wp-json\/wp\/v2\/categories?post=257"},{"taxonomy":"post_tag","embeddable":true,"href":"https:\/\/www.umealaia.org\/araba\/wp-json\/wp\/v2\/tags?post=257"}],"curies":[{"name":"wp","href":"https:\/\/api.w.org\/{rel}","templated":true}]}}