{"id":256,"date":"2013-11-14T23:14:00","date_gmt":"2013-11-14T22:14:00","guid":{"rendered":"https:\/\/www.umealaia.org\/araba\/2013\/11\/14\/viniste-al-cafe-tertulia\/"},"modified":"2013-11-14T23:14:00","modified_gmt":"2013-11-14T22:14:00","slug":"viniste-al-cafe-tertulia","status":"publish","type":"post","link":"https:\/\/www.umealaia.org\/araba\/2013\/11\/14\/viniste-al-cafe-tertulia\/","title":{"rendered":"\u00bfViniste al caf\u00e9 tertulia?"},"content":{"rendered":"<p><a href=\"http:\/\/1.bp.blogspot.com\/-bnBpN27MJHk\/UoU7eAEf0zI\/AAAAAAAAACs\/zCEXFYfRt9o\/s1600\/IMG_20131112_202203.jpg\" style=\"clear: right;float: right;margin-bottom: 1em;margin-left: 1em\">&nbsp;<\/a><br \/>El pasado martes nos juntamos unas 30&nbsp;personas para hablar sobre la adopci\u00f3n y,&nbsp;siguiendo las pautas de los cl\u00e1sicos world caf\u00e9, intentamos desde el principio&nbsp;crear un buen ambiente . Vinieron tambi\u00e9n m\u00e1s de 10 peque\u00f1os&nbsp;quienes r\u00e1pidamente hicieron cuadrilla junto a Paco que les atendi\u00f3 en todo momento.<\/p>\n<div style=\"clear: both;text-align: center\"><a href=\"http:\/\/1.bp.blogspot.com\/-bnBpN27MJHk\/UoU7eAEf0zI\/AAAAAAAAACs\/zCEXFYfRt9o\/s1600\/IMG_20131112_202203.jpg\" style=\"margin-left: 1em;margin-right: 1em\"><img loading=\"lazy\" decoding=\"async\" border=\"0\" src=\"http:\/\/1.bp.blogspot.com\/-bnBpN27MJHk\/UoU7eAEf0zI\/AAAAAAAAACs\/zCEXFYfRt9o\/s400\/IMG_20131112_202203.jpg\" height=\"300\" width=\"400\" \/><\/a><\/div>\n<p>Los mayores&nbsp;nos&nbsp;sentamos&nbsp; para&nbsp;conversar sobre la adopci\u00f3n con una bebida caliente en 5&nbsp;mesas de 5 personas. Con cada cambio de tema se formaron nuevos grupos, concretamente hablamos de:<\/p>\n<ul>\n<li>\n<div style=\"clear: both;text-align: left\">los beneficios&nbsp;de la adopci\u00f3n;<\/div>\n<\/li>\n<li>\n<div style=\"clear: both;text-align: left\">c\u00f3mo decir no para educar;<\/div>\n<\/li>\n<li>\n<div style=\"clear: both;text-align: left\">los padres biol\u00f3gicos.<\/div>\n<\/li>\n<\/ul>\n<div style=\"clear: both;text-align: left\">La sesi\u00f3n finaliz\u00f3 a las 20:30h recordando el encuentro familiar que tendremos el pr\u00f3ximo 1 de diciembre en las escuelas de Salbur\u00faa. <\/div>\n<p><\/p>\n","protected":false},"excerpt":{"rendered":"<p>&nbsp;El pasado martes nos juntamos unas 30&nbsp;personas para hablar sobre la adopci\u00f3n y,&nbsp;siguiendo las pautas de los cl\u00e1sicos world caf\u00e9, intentamos desde el principio&nbsp;crear un buen ambiente . Vinieron tambi\u00e9n m\u00e1s de 10 peque\u00f1os&nbsp;quienes r\u00e1pidamente hicieron cuadrilla junto a Paco que les atendi\u00f3 en todo momento. Los mayores&nbsp;nos&nbsp;sentamos&nbsp; para&nbsp;conversar sobre la adopci\u00f3n con una bebida [&hellip;]<\/p>\n","protected":false},"author":6,"featured_media":0,"comment_status":"open","ping_status":"open","sticky":false,"template":"","format":"standard","meta":{"_acf_changed":false,"footnotes":""},"categories":[1],"tags":[],"class_list":["post-256","post","type-post","status-publish","format-standard","hentry","category-sin-categorizar"],"acf":[],"_links":{"self":[{"href":"https:\/\/www.umealaia.org\/araba\/wp-json\/wp\/v2\/posts\/256","targetHints":{"allow":["GET"]}}],"collection":[{"href":"https:\/\/www.umealaia.org\/araba\/wp-json\/wp\/v2\/posts"}],"about":[{"href":"https:\/\/www.umealaia.org\/araba\/wp-json\/wp\/v2\/types\/post"}],"author":[{"embeddable":true,"href":"https:\/\/www.umealaia.org\/araba\/wp-json\/wp\/v2\/users\/6"}],"replies":[{"embeddable":true,"href":"https:\/\/www.umealaia.org\/araba\/wp-json\/wp\/v2\/comments?post=256"}],"version-history":[{"count":0,"href":"https:\/\/www.umealaia.org\/araba\/wp-json\/wp\/v2\/posts\/256\/revisions"}],"wp:attachment":[{"href":"https:\/\/www.umealaia.org\/araba\/wp-json\/wp\/v2\/media?parent=256"}],"wp:term":[{"taxonomy":"category","embeddable":true,"href":"https:\/\/www.umealaia.org\/araba\/wp-json\/wp\/v2\/categories?post=256"},{"taxonomy":"post_tag","embeddable":true,"href":"https:\/\/www.umealaia.org\/araba\/wp-json\/wp\/v2\/tags?post=256"}],"curies":[{"name":"wp","href":"https:\/\/api.w.org\/{rel}","templated":true}]}}