{"id":253,"date":"2014-01-07T22:27:00","date_gmt":"2014-01-07T21:27:00","guid":{"rendered":"https:\/\/www.umealaia.org\/araba\/2014\/01\/07\/te-abandonaron-porque-eres-tonto-y-no-te-querian\/"},"modified":"2014-01-07T22:27:00","modified_gmt":"2014-01-07T21:27:00","slug":"te-abandonaron-porque-eres-tonto-y-no-te-querian","status":"publish","type":"post","link":"https:\/\/www.umealaia.org\/araba\/2014\/01\/07\/te-abandonaron-porque-eres-tonto-y-no-te-querian\/","title":{"rendered":"Te abandonaron porque eres tonto y no te quer\u00edan"},"content":{"rendered":"<p>As\u00ed&nbsp;comienza&nbsp;un interesante <a href=\"http:\/\/sociedad.elpais.com\/sociedad\/2014\/01\/06\/actualidad\/1389037298_488155.html\" target=\"_blank\">art\u00edculo <\/a>publicado&nbsp;ayer&nbsp;en El Pa\u00eds que trata el abandono, el racismo&nbsp;y la importancia de trabajar los or\u00edgenes en la adopci\u00f3n.&nbsp;Lo redact\u00f3 Alba Tobella Mayans quien&nbsp;cita, entre otras fuentes&nbsp;un reciente&nbsp;trabajo de Ume Alaia Bizkaia y Adoptia&nbsp;.<\/p>\n<div style=\"clear: both;text-align: center\"><a href=\"http:\/\/3.bp.blogspot.com\/-TDtJEAoXeKI\/UsxrnD8TWCI\/AAAAAAAAADU\/Th-kjm4nGE4\/s1600\/comic.jpg\" style=\"margin-left: 1em;margin-right: 1em\"><img loading=\"lazy\" decoding=\"async\" border=\"0\" src=\"http:\/\/3.bp.blogspot.com\/-TDtJEAoXeKI\/UsxrnD8TWCI\/AAAAAAAAADU\/Th-kjm4nGE4\/s1600\/comic.jpg\" height=\"181\" width=\"400\" \/><\/a><\/div>\n<p>En el mismo peri\u00f3dico se puede enlazar con una <a href=\"http:\/\/sociedad.elpais.com\/tag\/adopciones_internacionales\/a\/\" target=\"_blank\">p\u00e1gina web<\/a>&nbsp;&nbsp;que aglutina autom\u00e1ticamente&nbsp;las noticias propias publicadas&nbsp;sobre adopciones internacionales.&nbsp;Entre las \u00faltimas publicaciones, destaca el <a href=\"http:\/\/sociedad.elpais.com\/sociedad\/2013\/12\/19\/actualidad\/1387464921_291660.html\" target=\"_blank\">art\u00edculo <\/a>sobre el convenio del estado espa\u00f1ol con el estado ruso,&nbsp;acuerdo que&nbsp;obliga a las nuevas adopciones en ese pa\u00eds a tener seguimientos peri\u00f3dicos hasta que los menores cumplan 18 a\u00f1os.<\/p>\n","protected":false},"excerpt":{"rendered":"<p>As\u00ed&nbsp;comienza&nbsp;un interesante art\u00edculo publicado&nbsp;ayer&nbsp;en El Pa\u00eds que trata el abandono, el racismo&nbsp;y la importancia de trabajar los or\u00edgenes en la adopci\u00f3n.&nbsp;Lo redact\u00f3 Alba Tobella Mayans quien&nbsp;cita, entre otras fuentes&nbsp;un reciente&nbsp;trabajo de Ume Alaia Bizkaia y Adoptia&nbsp;. En el mismo peri\u00f3dico se puede enlazar con una p\u00e1gina web&nbsp;&nbsp;que aglutina autom\u00e1ticamente&nbsp;las noticias propias publicadas&nbsp;sobre adopciones internacionales.&nbsp;Entre las [&hellip;]<\/p>\n","protected":false},"author":6,"featured_media":0,"comment_status":"open","ping_status":"open","sticky":false,"template":"","format":"standard","meta":{"_acf_changed":false,"footnotes":""},"categories":[1],"tags":[],"class_list":["post-253","post","type-post","status-publish","format-standard","hentry","category-sin-categorizar"],"acf":[],"_links":{"self":[{"href":"https:\/\/www.umealaia.org\/araba\/wp-json\/wp\/v2\/posts\/253","targetHints":{"allow":["GET"]}}],"collection":[{"href":"https:\/\/www.umealaia.org\/araba\/wp-json\/wp\/v2\/posts"}],"about":[{"href":"https:\/\/www.umealaia.org\/araba\/wp-json\/wp\/v2\/types\/post"}],"author":[{"embeddable":true,"href":"https:\/\/www.umealaia.org\/araba\/wp-json\/wp\/v2\/users\/6"}],"replies":[{"embeddable":true,"href":"https:\/\/www.umealaia.org\/araba\/wp-json\/wp\/v2\/comments?post=253"}],"version-history":[{"count":0,"href":"https:\/\/www.umealaia.org\/araba\/wp-json\/wp\/v2\/posts\/253\/revisions"}],"wp:attachment":[{"href":"https:\/\/www.umealaia.org\/araba\/wp-json\/wp\/v2\/media?parent=253"}],"wp:term":[{"taxonomy":"category","embeddable":true,"href":"https:\/\/www.umealaia.org\/araba\/wp-json\/wp\/v2\/categories?post=253"},{"taxonomy":"post_tag","embeddable":true,"href":"https:\/\/www.umealaia.org\/araba\/wp-json\/wp\/v2\/tags?post=253"}],"curies":[{"name":"wp","href":"https:\/\/api.w.org\/{rel}","templated":true}]}}