{"id":252,"date":"2014-01-18T22:18:00","date_gmt":"2014-01-18T21:18:00","guid":{"rendered":"https:\/\/www.umealaia.org\/araba\/2014\/01\/18\/jornadas-sobre-resilencia-y-apego\/"},"modified":"2014-01-18T22:18:00","modified_gmt":"2014-01-18T21:18:00","slug":"jornadas-sobre-resilencia-y-apego","status":"publish","type":"post","link":"https:\/\/www.umealaia.org\/araba\/2014\/01\/18\/jornadas-sobre-resilencia-y-apego\/","title":{"rendered":"Jornadas sobre resilencia y apego"},"content":{"rendered":"<p>Los d\u00edas 21 y 22 de febrero se celebrar\u00e1n en el palacio <a href=\"https:\/\/maps.google.es\/maps?q=palacio+de+villa+suso&amp;ie=UTF-8&amp;ei=vOraUq2IJYOq7QbxrYGwBA&amp;ved=0CAoQ_AUoAg\">Villa Suso<\/a> de Vitoria-Gasteiz las Jornadas de la Asociaci\u00f3n Educativa Dando Vueltas denominadas \u00ab<a href=\"http:\/\/www.dandovueltas.es\/2014\/01\/jornadas-asociacion-educativa-dando.html\">Apostando por los buenos tratos<\/a>\u00ab. Ser\u00e1n unas jornadas dedicadas  a familias y profesionales y se hablar\u00e1 de apego, resiliencia y parentalidad positiva. <\/p>\n<div style=\"clear: both;text-align: center\"><a href=\"http:\/\/1.bp.blogspot.com\/-UVxv8M_ybI4\/UssOZzfrMJI\/AAAAAAAACJc\/eglLd3sakk0\/s1600\/portada.jpg\" style=\"margin-left: 1em;margin-right: 1em\"><img loading=\"lazy\" decoding=\"async\" border=\"0\" src=\"http:\/\/1.bp.blogspot.com\/-UVxv8M_ybI4\/UssOZzfrMJI\/AAAAAAAACJc\/eglLd3sakk0\/s1600\/portada.jpg\" height=\"247\" width=\"320\" \/><\/a><\/div>\n<p>Hasta el 31 de enero las <a href=\"https:\/\/docs.google.com\/forms\/d\/19bEX3YlyG1wXHVI3YfOw9ZX_xOza4AvXYkg1TKA-3uE\/viewform\">inscripciones<\/a> se beneficiaran de un interesante descuento.<span style=\"color: #666666;font-family: Trebuchet MS;font-size: x-small\"><span><span><\/span><\/span><\/span><br \/><span style=\"color: #666666;font-family: Trebuchet MS;font-size: x-small\"><span><span><\/span><\/span><\/span><\/p>\n","protected":false},"excerpt":{"rendered":"<p>Los d\u00edas 21 y 22 de febrero se celebrar\u00e1n en el palacio Villa Suso de Vitoria-Gasteiz las Jornadas de la Asociaci\u00f3n Educativa Dando Vueltas denominadas \u00abApostando por los buenos tratos\u00ab. Ser\u00e1n unas jornadas dedicadas a familias y profesionales y se hablar\u00e1 de apego, resiliencia y parentalidad positiva. Hasta el 31 de enero las inscripciones se [&hellip;]<\/p>\n","protected":false},"author":6,"featured_media":0,"comment_status":"open","ping_status":"open","sticky":false,"template":"","format":"standard","meta":{"_acf_changed":false,"footnotes":""},"categories":[1],"tags":[],"class_list":["post-252","post","type-post","status-publish","format-standard","hentry","category-sin-categorizar"],"acf":[],"_links":{"self":[{"href":"https:\/\/www.umealaia.org\/araba\/wp-json\/wp\/v2\/posts\/252","targetHints":{"allow":["GET"]}}],"collection":[{"href":"https:\/\/www.umealaia.org\/araba\/wp-json\/wp\/v2\/posts"}],"about":[{"href":"https:\/\/www.umealaia.org\/araba\/wp-json\/wp\/v2\/types\/post"}],"author":[{"embeddable":true,"href":"https:\/\/www.umealaia.org\/araba\/wp-json\/wp\/v2\/users\/6"}],"replies":[{"embeddable":true,"href":"https:\/\/www.umealaia.org\/araba\/wp-json\/wp\/v2\/comments?post=252"}],"version-history":[{"count":0,"href":"https:\/\/www.umealaia.org\/araba\/wp-json\/wp\/v2\/posts\/252\/revisions"}],"wp:attachment":[{"href":"https:\/\/www.umealaia.org\/araba\/wp-json\/wp\/v2\/media?parent=252"}],"wp:term":[{"taxonomy":"category","embeddable":true,"href":"https:\/\/www.umealaia.org\/araba\/wp-json\/wp\/v2\/categories?post=252"},{"taxonomy":"post_tag","embeddable":true,"href":"https:\/\/www.umealaia.org\/araba\/wp-json\/wp\/v2\/tags?post=252"}],"curies":[{"name":"wp","href":"https:\/\/api.w.org\/{rel}","templated":true}]}}