{"id":251,"date":"2014-01-24T23:34:00","date_gmt":"2014-01-24T22:34:00","guid":{"rendered":"https:\/\/www.umealaia.org\/araba\/2014\/01\/24\/taller-en-vitoria-para-ninos-y-ninos-adoptados\/"},"modified":"2014-01-24T23:34:00","modified_gmt":"2014-01-24T22:34:00","slug":"taller-en-vitoria-para-ninos-y-ninos-adoptados","status":"publish","type":"post","link":"https:\/\/www.umealaia.org\/araba\/2014\/01\/24\/taller-en-vitoria-para-ninos-y-ninos-adoptados\/","title":{"rendered":"Taller en Vitoria para ni\u00f1os y ni\u00f1os adoptados"},"content":{"rendered":"<p>\u00bfTe animas a ayudarnos a construir un Cuento sobre la adopci\u00f3n? Con este t\u00edtulo <a href=\"http:\/\/www.adoptia.org\/\" target=\"_blank\">ADOPTIA<\/a> &#8211; Vitoria pone en marcha el primer taller dirigido a ni\u00f1os y ni\u00f1as adoptadas de entre 8 y 11 a\u00f1os en \u00c1lava.<\/p>\n<div style=\"clear: both;text-align: left\"><a href=\"http:\/\/1.bp.blogspot.com\/-maV1k-ZrFcY\/UuLmZA7KF2I\/AAAAAAAAADw\/HDBSAHTD-lE\/s1600\/adoptia.png\" style=\"clear: right;float: right;margin-bottom: 1em;margin-left: 1em\"><img loading=\"lazy\" decoding=\"async\" border=\"0\" src=\"http:\/\/1.bp.blogspot.com\/-maV1k-ZrFcY\/UuLmZA7KF2I\/AAAAAAAAADw\/HDBSAHTD-lE\/s1600\/adoptia.png\" height=\"240\" width=\"320\" \/><\/a><\/div>\n<p>La metodolog\u00eda de esta actividad trata de ayudar a los ni\u00f1os y ni\u00f1as asistentes a poner palabras a contenidos dif\u00edciles de hablar en familia y facilitar a su vez la comunicaci\u00f3n en familia de estas cuestiones a trav\u00e9s de tareas y otras actividades.<\/p>\n<div style=\"clear: both;text-align: left\"><\/div>\n<p>El taller se celebrar\u00e1 los viernes 7, 14 y 28 de febrero y finalizar\u00e1&nbsp;el 14 de marzo, el horario de las sesiones ser\u00e1 de 18:00 a 19:30. <\/p>\n<ul>\n<li>\n<div style=\"clear: both;text-align: left\"><a href=\"http:\/\/www.adoptia.org\/cas\/detalleActualidad.aspx?id=3b4483c7-8ed0-4e56-8cf8-d516509588c0&amp;origen=home\" target=\"_blank\">M\u00e1s informaci\u00f3n <\/a><\/div>\n<\/li>\n<li>\n<div style=\"clear: both;text-align: left\"><a href=\"http:\/\/www.adoptia.org\/includes\/descargaDoc.ashx?idDoc=46&amp;tipo=normal\" target=\"_blank\">Tr\u00edptico informativo<\/a><\/div>\n<\/li>\n<\/ul>\n<div style=\"clear: both;text-align: left\">&nbsp;<\/div>\n","protected":false},"excerpt":{"rendered":"<p>\u00bfTe animas a ayudarnos a construir un Cuento sobre la adopci\u00f3n? Con este t\u00edtulo ADOPTIA &#8211; Vitoria pone en marcha el primer taller dirigido a ni\u00f1os y ni\u00f1as adoptadas de entre 8 y 11 a\u00f1os en \u00c1lava. La metodolog\u00eda de esta actividad trata de ayudar a los ni\u00f1os y ni\u00f1as asistentes a poner palabras a [&hellip;]<\/p>\n","protected":false},"author":6,"featured_media":0,"comment_status":"open","ping_status":"open","sticky":false,"template":"","format":"standard","meta":{"_acf_changed":false,"footnotes":""},"categories":[1],"tags":[],"class_list":["post-251","post","type-post","status-publish","format-standard","hentry","category-sin-categorizar"],"acf":[],"_links":{"self":[{"href":"https:\/\/www.umealaia.org\/araba\/wp-json\/wp\/v2\/posts\/251","targetHints":{"allow":["GET"]}}],"collection":[{"href":"https:\/\/www.umealaia.org\/araba\/wp-json\/wp\/v2\/posts"}],"about":[{"href":"https:\/\/www.umealaia.org\/araba\/wp-json\/wp\/v2\/types\/post"}],"author":[{"embeddable":true,"href":"https:\/\/www.umealaia.org\/araba\/wp-json\/wp\/v2\/users\/6"}],"replies":[{"embeddable":true,"href":"https:\/\/www.umealaia.org\/araba\/wp-json\/wp\/v2\/comments?post=251"}],"version-history":[{"count":0,"href":"https:\/\/www.umealaia.org\/araba\/wp-json\/wp\/v2\/posts\/251\/revisions"}],"wp:attachment":[{"href":"https:\/\/www.umealaia.org\/araba\/wp-json\/wp\/v2\/media?parent=251"}],"wp:term":[{"taxonomy":"category","embeddable":true,"href":"https:\/\/www.umealaia.org\/araba\/wp-json\/wp\/v2\/categories?post=251"},{"taxonomy":"post_tag","embeddable":true,"href":"https:\/\/www.umealaia.org\/araba\/wp-json\/wp\/v2\/tags?post=251"}],"curies":[{"name":"wp","href":"https:\/\/api.w.org\/{rel}","templated":true}]}}