{"id":250,"date":"2014-02-11T21:47:00","date_gmt":"2014-02-11T20:47:00","guid":{"rendered":"https:\/\/www.umealaia.org\/araba\/2014\/02\/11\/ha-llegado-la-hora-de-asociarse\/"},"modified":"2014-02-11T21:47:00","modified_gmt":"2014-02-11T20:47:00","slug":"ha-llegado-la-hora-de-asociarse","status":"publish","type":"post","link":"https:\/\/www.umealaia.org\/araba\/2014\/02\/11\/ha-llegado-la-hora-de-asociarse\/","title":{"rendered":"Ha llegado la hora de asociarse"},"content":{"rendered":"<p><span style=\"background-color: white;color: #222222;font-family: ArialMT;font-style: normal;font-variant: normal;font-weight: normal;letter-spacing: normal;line-height: normal;text-indent: 0px\"><\/span><\/p>\n<div align=\"LEFT\">Queridos amigos y amigas,<\/p>\n<p>Ha llegado la hora de que las familias adoptivas alavesas tengan voz en \u00c1lava. Con este fin, os animamos a asociaros con Ume Alaia Araba y as\u00ed mostrar a la sociedad que tenemos fuerza y una voluntad firme para sacar adelante a nuestras familias. <\/p><\/div>\n<div align=\"LEFT\">Queremos que las instituciones vascas nos escuchen, que muestren su apoyo para desarrollar proyectos de manera conjunta y con ello, ofrecer a nuestros hijos e hijas un futuro mejor.<\/p>\n<p>Por un lado, hemos programado para este a\u00f1o actividades de todo tipo: caf\u00e9s tertulia, encuentros l\u00fadicos, charlas formativas, talleres, proyecciones audiovisuales&#8230; Por otro lado, <a href=\"http:\/\/www.umealaiabizkaia.com\/\">Ume Alaia Bizkaia<\/a> y <a href=\"http:\/\/umealaia.com\/general.htm\">Ume Alaia Gipuzkoa<\/a>, las asociaciones an\u00e1logas en los otros dos territorios vascos, nos han ofrecido su colaboraci\u00f3n y apoyo para sacar adelante proyectos conjuntos de mayor envergadura. Concretamente, las Jornadas sobre Adopci\u00f3n, el 24 de Mayo de 2014, en el Auditorio del Palacio Europa. <\/p>\n<p>Tenemos puestas muchas esperanzas e ilusiones en el proyecto de este a\u00f1o, por eso os animamos a formar parte:<\/p><\/div>\n<p><span style=\"background-color: white;color: #222222;font-family: ArialMT;font-style: normal;font-variant: normal;font-weight: normal;letter-spacing: normal;line-height: normal;text-indent: 0px\"><\/span><\/p>\n<div align=\"LEFT\"><span style=\"background-color: white;color: #222222;font-family: ArialMT;font-style: normal;font-variant: normal;font-weight: normal;letter-spacing: normal;line-height: normal;text-indent: 0px\">&nbsp;<\/span><\/div>\n<p><span style=\"background-color: white;color: #222222;font-family: ArialMT;font-style: normal;font-variant: normal;font-weight: normal;letter-spacing: normal;line-height: normal;text-indent: 0px\"><\/span><\/p>\n<ul>\n<li>Cuota de socio por familia: 50 \u20ac anuales. <\/li>\n<li>N\u00ba de cuenta La Caixa *: ES14 2100 4994 1121 0025 7635. <\/li>\n<li><a href=\"https:\/\/drive.google.com\/file\/d\/0B-WVrVOZyru8RGJUYTBsckhPSlk\/edit?usp=sharing\" target=\"_blank\">Formulario de inscripci\u00f3n<\/a> <\/li>\n<\/ul>\n<div><\/div>\n<div>Un abrazo a <a href=\"mailto:tod@s\">tod@s<\/a>, <br \/>La Junta directiva de Ume Alaia Araba.<\/div>\n<p><\/p>\n","protected":false},"excerpt":{"rendered":"<p>Queridos amigos y amigas, Ha llegado la hora de que las familias adoptivas alavesas tengan voz en \u00c1lava. Con este fin, os animamos a asociaros con Ume Alaia Araba y as\u00ed mostrar a la sociedad que tenemos fuerza y una voluntad firme para sacar adelante a nuestras familias. Queremos que las instituciones vascas nos escuchen, [&hellip;]<\/p>\n","protected":false},"author":6,"featured_media":0,"comment_status":"open","ping_status":"open","sticky":false,"template":"","format":"standard","meta":{"_acf_changed":false,"footnotes":""},"categories":[1],"tags":[],"class_list":["post-250","post","type-post","status-publish","format-standard","hentry","category-sin-categorizar"],"acf":[],"_links":{"self":[{"href":"https:\/\/www.umealaia.org\/araba\/wp-json\/wp\/v2\/posts\/250","targetHints":{"allow":["GET"]}}],"collection":[{"href":"https:\/\/www.umealaia.org\/araba\/wp-json\/wp\/v2\/posts"}],"about":[{"href":"https:\/\/www.umealaia.org\/araba\/wp-json\/wp\/v2\/types\/post"}],"author":[{"embeddable":true,"href":"https:\/\/www.umealaia.org\/araba\/wp-json\/wp\/v2\/users\/6"}],"replies":[{"embeddable":true,"href":"https:\/\/www.umealaia.org\/araba\/wp-json\/wp\/v2\/comments?post=250"}],"version-history":[{"count":0,"href":"https:\/\/www.umealaia.org\/araba\/wp-json\/wp\/v2\/posts\/250\/revisions"}],"wp:attachment":[{"href":"https:\/\/www.umealaia.org\/araba\/wp-json\/wp\/v2\/media?parent=250"}],"wp:term":[{"taxonomy":"category","embeddable":true,"href":"https:\/\/www.umealaia.org\/araba\/wp-json\/wp\/v2\/categories?post=250"},{"taxonomy":"post_tag","embeddable":true,"href":"https:\/\/www.umealaia.org\/araba\/wp-json\/wp\/v2\/tags?post=250"}],"curies":[{"name":"wp","href":"https:\/\/api.w.org\/{rel}","templated":true}]}}