{"id":249,"date":"2014-02-16T23:42:00","date_gmt":"2014-02-16T22:42:00","guid":{"rendered":"https:\/\/www.umealaia.org\/araba\/2014\/02\/16\/tomamos-un-cafe-el-martes-25-a-las-siete\/"},"modified":"2014-02-16T23:42:00","modified_gmt":"2014-02-16T22:42:00","slug":"tomamos-un-cafe-el-martes-25-a-las-siete","status":"publish","type":"post","link":"https:\/\/www.umealaia.org\/araba\/2014\/02\/16\/tomamos-un-cafe-el-martes-25-a-las-siete\/","title":{"rendered":"\u00bfTomamos un caf\u00e9 el martes 25 a las siete?"},"content":{"rendered":"<p>Al igual que en el pasado&nbsp;mes de noviembre, hemos pensado organizar otro caf\u00e9 tertulia para hablar sobre adopci\u00f3n el martes 25 de febrero. <\/p>\n<div style=\"clear: both;text-align: left\"><a href=\"http:\/\/4.bp.blogspot.com\/-Qy_tlVdz8fc\/UwE4wtsDXMI\/AAAAAAAAAEA\/REAdef3dLx4\/s1600\/WorldCafePic.jpg\" style=\"clear: right;float: right;margin-bottom: 1em;margin-left: 1em\"><\/a><a href=\"http:\/\/4.bp.blogspot.com\/-Qy_tlVdz8fc\/UwE4wtsDXMI\/AAAAAAAAAEA\/REAdef3dLx4\/s1600\/WorldCafePic.jpg\" style=\"clear: right;float: right;margin-bottom: 1em;margin-left: 1em\"><img loading=\"lazy\" decoding=\"async\" border=\"0\" src=\"http:\/\/4.bp.blogspot.com\/-Qy_tlVdz8fc\/UwE4wtsDXMI\/AAAAAAAAAEA\/REAdef3dLx4\/s1600\/WorldCafePic.jpg\" height=\"302\" width=\"320\" \/><\/a>La cita ser\u00e1 de nuevo en los&nbsp;locales de la asociaci\u00f3n de vecinos de Salbur\u00faa del <a href=\"https:\/\/maps.google.es\/maps?q=Estrasburgo+Ibilbidea,+17,+Vitoria&amp;hl=es&amp;ll=42.854024,-2.650645&amp;spn=0.00306,0.004823&amp;sll=42.852679,-2.650339&amp;sspn=0.00306,0.004823&amp;oq=Estrasburgo++17+vitoria&amp;hnear=Estrasburgo+Ibilbidea,+17,+01002+Vitoria-Gasteiz,+Araba&amp;t=m&amp;z=18\" target=\"_blank\"><span style=\"font-family: inherit\"><span style=\"color: #2288bb\">Paseo de Estrasburgo n\u00ba17<\/span><\/span><\/a>. Las ni\u00f1as y ni\u00f1os ser\u00e1n bienvenidos y, para que se distraigan&nbsp;les buscaremos algo divertido que hacer en ese rato.<\/p>\n<div style=\"text-align: left\">El encuentro est\u00e1 abierto a la participaci\u00f3n de quienes los&nbsp;deseen. Si te animas puedes enviarnos un correo a <a href=\"mailto:umealaia.araba@gmail.com\">umealaia.araba@gmail.com<\/a><\/div>\n<\/div>\n","protected":false},"excerpt":{"rendered":"<p>Al igual que en el pasado&nbsp;mes de noviembre, hemos pensado organizar otro caf\u00e9 tertulia para hablar sobre adopci\u00f3n el martes 25 de febrero. La cita ser\u00e1 de nuevo en los&nbsp;locales de la asociaci\u00f3n de vecinos de Salbur\u00faa del Paseo de Estrasburgo n\u00ba17. Las ni\u00f1as y ni\u00f1os ser\u00e1n bienvenidos y, para que se distraigan&nbsp;les buscaremos algo [&hellip;]<\/p>\n","protected":false},"author":6,"featured_media":0,"comment_status":"open","ping_status":"open","sticky":false,"template":"","format":"standard","meta":{"_acf_changed":false,"footnotes":""},"categories":[1],"tags":[],"class_list":["post-249","post","type-post","status-publish","format-standard","hentry","category-sin-categorizar"],"acf":[],"_links":{"self":[{"href":"https:\/\/www.umealaia.org\/araba\/wp-json\/wp\/v2\/posts\/249","targetHints":{"allow":["GET"]}}],"collection":[{"href":"https:\/\/www.umealaia.org\/araba\/wp-json\/wp\/v2\/posts"}],"about":[{"href":"https:\/\/www.umealaia.org\/araba\/wp-json\/wp\/v2\/types\/post"}],"author":[{"embeddable":true,"href":"https:\/\/www.umealaia.org\/araba\/wp-json\/wp\/v2\/users\/6"}],"replies":[{"embeddable":true,"href":"https:\/\/www.umealaia.org\/araba\/wp-json\/wp\/v2\/comments?post=249"}],"version-history":[{"count":0,"href":"https:\/\/www.umealaia.org\/araba\/wp-json\/wp\/v2\/posts\/249\/revisions"}],"wp:attachment":[{"href":"https:\/\/www.umealaia.org\/araba\/wp-json\/wp\/v2\/media?parent=249"}],"wp:term":[{"taxonomy":"category","embeddable":true,"href":"https:\/\/www.umealaia.org\/araba\/wp-json\/wp\/v2\/categories?post=249"},{"taxonomy":"post_tag","embeddable":true,"href":"https:\/\/www.umealaia.org\/araba\/wp-json\/wp\/v2\/tags?post=249"}],"curies":[{"name":"wp","href":"https:\/\/api.w.org\/{rel}","templated":true}]}}