{"id":248,"date":"2014-02-19T23:35:00","date_gmt":"2014-02-19T22:35:00","guid":{"rendered":"https:\/\/www.umealaia.org\/araba\/2014\/02\/19\/charla-la-adolescencia-de-las-personas-adoptadas-y-sus-familias-del-miedo-a-la-esperanza\/"},"modified":"2014-02-19T23:35:00","modified_gmt":"2014-02-19T22:35:00","slug":"charla-la-adolescencia-de-las-personas-adoptadas-y-sus-familias-del-miedo-a-la-esperanza","status":"publish","type":"post","link":"https:\/\/www.umealaia.org\/araba\/2014\/02\/19\/charla-la-adolescencia-de-las-personas-adoptadas-y-sus-familias-del-miedo-a-la-esperanza\/","title":{"rendered":"Charla \u00abLa adolescencia de las personas adoptadas y sus familias: del miedo a la esperanza\u201d"},"content":{"rendered":"<p>Este viernes 21&nbsp;a las 17:00h Javier M\u00fagica&nbsp;impartir\u00e1 esta charla sobre adolescencia en el sal\u00f3n de actos del colegio <a href=\"http:\/\/colegiosanprudencio.net\/\" target=\"_blank\">San Prudencio<\/a> situado en la calle Duque de Wellington n\u00ba 4 de Vitoria.&nbsp; Esta ponencia ser\u00e1 una repetici\u00f3n de la ofrecida el pasado mes de diciembre. <\/p>\n<p>Para m\u00e1s informaci\u00f3n&nbsp;pod\u00e9is visitar el <a href=\"http:\/\/www.adoptia.org\/cas\/detalleActualidad.aspx?id=bcc33239-d628-454d-9d8f-a1f0c3d1c42b&amp;origen=home\" target=\"_blank\">espacio web de Adoptia<\/a>.<br \/>La <a href=\"http:\/\/adoptia.org\/cas\/inscripcion.aspx\" target=\"_blank\">inscripci\u00f3n<\/a> es gratuita.<\/p>\n","protected":false},"excerpt":{"rendered":"<p>Este viernes 21&nbsp;a las 17:00h Javier M\u00fagica&nbsp;impartir\u00e1 esta charla sobre adolescencia en el sal\u00f3n de actos del colegio San Prudencio situado en la calle Duque de Wellington n\u00ba 4 de Vitoria.&nbsp; Esta ponencia ser\u00e1 una repetici\u00f3n de la ofrecida el pasado mes de diciembre. Para m\u00e1s informaci\u00f3n&nbsp;pod\u00e9is visitar el espacio web de Adoptia.La inscripci\u00f3n es [&hellip;]<\/p>\n","protected":false},"author":6,"featured_media":0,"comment_status":"open","ping_status":"open","sticky":false,"template":"","format":"standard","meta":{"_acf_changed":false,"footnotes":""},"categories":[1],"tags":[],"class_list":["post-248","post","type-post","status-publish","format-standard","hentry","category-sin-categorizar"],"acf":[],"_links":{"self":[{"href":"https:\/\/www.umealaia.org\/araba\/wp-json\/wp\/v2\/posts\/248","targetHints":{"allow":["GET"]}}],"collection":[{"href":"https:\/\/www.umealaia.org\/araba\/wp-json\/wp\/v2\/posts"}],"about":[{"href":"https:\/\/www.umealaia.org\/araba\/wp-json\/wp\/v2\/types\/post"}],"author":[{"embeddable":true,"href":"https:\/\/www.umealaia.org\/araba\/wp-json\/wp\/v2\/users\/6"}],"replies":[{"embeddable":true,"href":"https:\/\/www.umealaia.org\/araba\/wp-json\/wp\/v2\/comments?post=248"}],"version-history":[{"count":0,"href":"https:\/\/www.umealaia.org\/araba\/wp-json\/wp\/v2\/posts\/248\/revisions"}],"wp:attachment":[{"href":"https:\/\/www.umealaia.org\/araba\/wp-json\/wp\/v2\/media?parent=248"}],"wp:term":[{"taxonomy":"category","embeddable":true,"href":"https:\/\/www.umealaia.org\/araba\/wp-json\/wp\/v2\/categories?post=248"},{"taxonomy":"post_tag","embeddable":true,"href":"https:\/\/www.umealaia.org\/araba\/wp-json\/wp\/v2\/tags?post=248"}],"curies":[{"name":"wp","href":"https:\/\/api.w.org\/{rel}","templated":true}]}}