{"id":247,"date":"2014-02-26T20:33:00","date_gmt":"2014-02-26T19:33:00","guid":{"rendered":"https:\/\/www.umealaia.org\/araba\/2014\/02\/26\/domingo-9-de-marzo-asamblea-anual-de-ume-alaia-araba\/"},"modified":"2014-02-26T20:33:00","modified_gmt":"2014-02-26T19:33:00","slug":"domingo-9-de-marzo-asamblea-anual-de-ume-alaia-araba","status":"publish","type":"post","link":"https:\/\/www.umealaia.org\/araba\/2014\/02\/26\/domingo-9-de-marzo-asamblea-anual-de-ume-alaia-araba\/","title":{"rendered":"Domingo 9 de Marzo Asamblea Anual de Ume Alaia Araba"},"content":{"rendered":"<p>Os convocamos a todas las familias socias a la Asamblea General de la&nbsp; Asociaci\u00f3n de Familias Adoptivas UME ALAIA ARABA, que se celebrar\u00e1 el pr\u00f3ximo d\u00eda 9 de marzo, domingo, en los locales de la Asociaci\u00f3n de Vecinos Burdinbide, en el n\u00ba 17 del Paseo de Estrasburgo del barrio de Salbur\u00faa en Vitoria-Gasteiz.<\/p>\n<div>&nbsp;<\/div>\n<div><u>ASAMBLEA GENERAL EXTRAORDINARIA<\/u><\/div>\n<div>&nbsp;<\/div>\n<div>10:30 h. Primera convocatoria.<\/div>\n<div>&nbsp;<\/div>\n<div>11:00 h. Segunda convocatoria.<\/div>\n<div>&nbsp;<\/div>\n<div>Orden del d\u00eda:<\/div>\n<ol>\n<li>Aprobaci\u00f3n estatutos.<\/li>\n<li>Ratificaci\u00f3n cargos de la Junta Directiva.<\/li>\n<\/ol>\n<div>&nbsp;<\/div>\n<div><u>1\u00aa ASAMBLEA GENERAL ORDINARIA<\/u><\/div>\n<div>&nbsp;<\/div>\n<div>11:30 Inicio.<\/div>\n<div>&nbsp;<\/div>\n<div>Orden del d\u00eda:<\/div>\n<ol>\n<li>Memoria actividades 2013.&nbsp;<\/li>\n<li>Plan Ume Alaia Araba.<\/li>\n<li>Proyecto actividades 2014.<\/li>\n<ul>\n<li>Actividades.&nbsp;<\/li>\n<li>Comisiones.<\/li>\n<\/ul>\n<li>Ruegos y preguntas.<\/li>\n<\/ol>\n<div>&nbsp;<\/div>\n<div>*** NO habr\u00e1 servicio de guarder\u00eda.<\/div>\n","protected":false},"excerpt":{"rendered":"<p>Os convocamos a todas las familias socias a la Asamblea General de la&nbsp; Asociaci\u00f3n de Familias Adoptivas UME ALAIA ARABA, que se celebrar\u00e1 el pr\u00f3ximo d\u00eda 9 de marzo, domingo, en los locales de la Asociaci\u00f3n de Vecinos Burdinbide, en el n\u00ba 17 del Paseo de Estrasburgo del barrio de Salbur\u00faa en Vitoria-Gasteiz. &nbsp; ASAMBLEA [&hellip;]<\/p>\n","protected":false},"author":6,"featured_media":0,"comment_status":"open","ping_status":"open","sticky":false,"template":"","format":"standard","meta":{"_acf_changed":false,"footnotes":""},"categories":[1],"tags":[],"class_list":["post-247","post","type-post","status-publish","format-standard","hentry","category-sin-categorizar"],"acf":[],"_links":{"self":[{"href":"https:\/\/www.umealaia.org\/araba\/wp-json\/wp\/v2\/posts\/247","targetHints":{"allow":["GET"]}}],"collection":[{"href":"https:\/\/www.umealaia.org\/araba\/wp-json\/wp\/v2\/posts"}],"about":[{"href":"https:\/\/www.umealaia.org\/araba\/wp-json\/wp\/v2\/types\/post"}],"author":[{"embeddable":true,"href":"https:\/\/www.umealaia.org\/araba\/wp-json\/wp\/v2\/users\/6"}],"replies":[{"embeddable":true,"href":"https:\/\/www.umealaia.org\/araba\/wp-json\/wp\/v2\/comments?post=247"}],"version-history":[{"count":0,"href":"https:\/\/www.umealaia.org\/araba\/wp-json\/wp\/v2\/posts\/247\/revisions"}],"wp:attachment":[{"href":"https:\/\/www.umealaia.org\/araba\/wp-json\/wp\/v2\/media?parent=247"}],"wp:term":[{"taxonomy":"category","embeddable":true,"href":"https:\/\/www.umealaia.org\/araba\/wp-json\/wp\/v2\/categories?post=247"},{"taxonomy":"post_tag","embeddable":true,"href":"https:\/\/www.umealaia.org\/araba\/wp-json\/wp\/v2\/tags?post=247"}],"curies":[{"name":"wp","href":"https:\/\/api.w.org\/{rel}","templated":true}]}}