{"id":246,"date":"2014-03-06T21:56:00","date_gmt":"2014-03-06T20:56:00","guid":{"rendered":"https:\/\/www.umealaia.org\/araba\/2014\/03\/06\/alrededor-de-un-cafe-calentito\/"},"modified":"2014-03-06T21:56:00","modified_gmt":"2014-03-06T20:56:00","slug":"alrededor-de-un-cafe-calentito","status":"publish","type":"post","link":"https:\/\/www.umealaia.org\/araba\/2014\/03\/06\/alrededor-de-un-cafe-calentito\/","title":{"rendered":"Alrededor de un caf\u00e9 calentito"},"content":{"rendered":"<div>&nbsp;<\/div>\n<div>El pasado martes, 25 de febrero por la tarde, nos junt\u00e1bamos unas 30 personas al calor de un delicioso caf\u00e9 y unos ricos bizcochos para charlar sobre algunos temas relacionados con la adopci\u00f3n. <\/div>\n<div>Entorno a 5 mesas, por las cuales \u00edbamos rotando al cambio de tema de tertulia, se plantearon 3 temas a tratar:<\/div>\n<ol><a href=\"http:\/\/2.bp.blogspot.com\/-8OBUnAP36ig\/UxjfBzVrb5I\/AAAAAAAAAK4\/LCTZZ9AhuqY\/s1600\/P22501.JPG\" style=\"clear: right;float: right;margin-bottom: 1em;margin-left: 1em\"><img loading=\"lazy\" decoding=\"async\" border=\"0\" src=\"http:\/\/2.bp.blogspot.com\/-8OBUnAP36ig\/UxjfBzVrb5I\/AAAAAAAAAK4\/LCTZZ9AhuqY\/s1600\/P22501.JPG\" height=\"154\" width=\"320\" \/><\/a><\/p>\n<li>El lugar de origen de la persona adoptada. <\/li>\n<li>La relaci\u00f3n de los ni\u00f1os y ni\u00f1as con sus iguales. <\/li>\n<li>Las agencias de adopci\u00f3n (ECAI) <\/li>\n<\/ol>\n<p>Durante 1 h y media pudimos crear un buen ambiente, charlar, compartir experiencias y ver que hay m\u00e1s gente viviendo experiencias parecidas.<\/p>\n<div>&nbsp;<\/div>\n<div>Al mismo tiempo algunos de los ni\u00f1os y ni\u00f1as que acudieron a la actividad, entorno a la docena, pudieron compartir un rato de juegos, pinturas y pel\u00edcula. Agradecemos la compa\u00f1\u00eda de Nicolai que estuvo muy pendiente de la tropa.<\/div>\n<div>&nbsp;<\/div>\n<div> La gente qued\u00f3 encantada con la actividad y nos despedimos hasta la siguiente.<\/div>\n<div>\n<div>&nbsp;<\/div>\n<\/div>\n","protected":false},"excerpt":{"rendered":"<p>&nbsp; El pasado martes, 25 de febrero por la tarde, nos junt\u00e1bamos unas 30 personas al calor de un delicioso caf\u00e9 y unos ricos bizcochos para charlar sobre algunos temas relacionados con la adopci\u00f3n. Entorno a 5 mesas, por las cuales \u00edbamos rotando al cambio de tema de tertulia, se plantearon 3 temas a tratar: [&hellip;]<\/p>\n","protected":false},"author":6,"featured_media":0,"comment_status":"open","ping_status":"open","sticky":false,"template":"","format":"standard","meta":{"_acf_changed":false,"footnotes":""},"categories":[1],"tags":[],"class_list":["post-246","post","type-post","status-publish","format-standard","hentry","category-sin-categorizar"],"acf":[],"_links":{"self":[{"href":"https:\/\/www.umealaia.org\/araba\/wp-json\/wp\/v2\/posts\/246","targetHints":{"allow":["GET"]}}],"collection":[{"href":"https:\/\/www.umealaia.org\/araba\/wp-json\/wp\/v2\/posts"}],"about":[{"href":"https:\/\/www.umealaia.org\/araba\/wp-json\/wp\/v2\/types\/post"}],"author":[{"embeddable":true,"href":"https:\/\/www.umealaia.org\/araba\/wp-json\/wp\/v2\/users\/6"}],"replies":[{"embeddable":true,"href":"https:\/\/www.umealaia.org\/araba\/wp-json\/wp\/v2\/comments?post=246"}],"version-history":[{"count":0,"href":"https:\/\/www.umealaia.org\/araba\/wp-json\/wp\/v2\/posts\/246\/revisions"}],"wp:attachment":[{"href":"https:\/\/www.umealaia.org\/araba\/wp-json\/wp\/v2\/media?parent=246"}],"wp:term":[{"taxonomy":"category","embeddable":true,"href":"https:\/\/www.umealaia.org\/araba\/wp-json\/wp\/v2\/categories?post=246"},{"taxonomy":"post_tag","embeddable":true,"href":"https:\/\/www.umealaia.org\/araba\/wp-json\/wp\/v2\/tags?post=246"}],"curies":[{"name":"wp","href":"https:\/\/api.w.org\/{rel}","templated":true}]}}