{"id":245,"date":"2014-03-12T23:36:00","date_gmt":"2014-03-12T22:36:00","guid":{"rendered":"https:\/\/www.umealaia.org\/araba\/2014\/03\/12\/charla-la-escolaridad-de-nuestrosas-hijosas-adoptadosas-como-sortear-las-posibles-piedras-del-camino\/"},"modified":"2014-03-12T23:36:00","modified_gmt":"2014-03-12T22:36:00","slug":"charla-la-escolaridad-de-nuestrosas-hijosas-adoptadosas-como-sortear-las-posibles-piedras-del-camino","status":"publish","type":"post","link":"https:\/\/www.umealaia.org\/araba\/2014\/03\/12\/charla-la-escolaridad-de-nuestrosas-hijosas-adoptadosas-como-sortear-las-posibles-piedras-del-camino\/","title":{"rendered":"Charla:  \u201cLa escolaridad de nuestros\/as hijos\/as adoptados\/as: c\u00f3mo sortear las posibles piedras del camino\u201d."},"content":{"rendered":"<p>El pr\u00f3ximo domingo 30 de marzo a las 11:30 a.m Nerea Bilbao&nbsp;Gamboa ofrecer\u00e1 una charla&nbsp;sobre adopci\u00f3n y escuela en los locales&nbsp;del <a href=\"https:\/\/maps.google.es\/maps?q=Estrasburgo+Ibilbidea,+17,+Vitoria&amp;hl=es&amp;ll=42.854024,-2.650645&amp;spn=0.00306,0.004823&amp;sll=42.852679,-2.650339&amp;sspn=0.00306,0.004823&amp;oq=Estrasburgo++17+vitoria&amp;hnear=Estrasburgo+Ibilbidea,+17,+01002+Vitoria-Gasteiz,+Araba&amp;t=m&amp;z=18\" target=\"_blank\"><span style=\"font-family: inherit\"><span style=\"color: #2288bb\">Paseo de Estrasburgo n\u00ba17<\/span><\/span><\/a>.<br \/>En el encuentro, la psicoterapeuta de <a href=\"http:\/\/www.nereabilbaopsicologia.com\/\" target=\"_blank\">Xendra <\/a>y madre adoptiva nos explicar\u00e1 los problemas escolares m\u00e1s frecuentes y hablar\u00e1, entre otras cosas, sobre los equipos de apoyo con los que cuentan las escuelas. <br \/>La charla ser\u00e1 gratuita, pero&nbsp;ser\u00e1 necesario confirmar la asistencia enviando un mensaje al <a href=\"mailto:umealaia.araba@gmail.com\" target=\"_blank\">correo de la asociaci\u00f3n<\/a>.<\/p>\n<ul>\n<li><a href=\"https:\/\/drive.google.com\/file\/d\/0B-WVrVOZyru8ME9lblNnSTVIM0g5Q0Y5VXN3cE14VFlKYVBJ\/edit?usp=sharing\" target=\"_blank\">Contenidos de la charla<\/a> <\/li>\n<\/ul>\n","protected":false},"excerpt":{"rendered":"<p>El pr\u00f3ximo domingo 30 de marzo a las 11:30 a.m Nerea Bilbao&nbsp;Gamboa ofrecer\u00e1 una charla&nbsp;sobre adopci\u00f3n y escuela en los locales&nbsp;del Paseo de Estrasburgo n\u00ba17.En el encuentro, la psicoterapeuta de Xendra y madre adoptiva nos explicar\u00e1 los problemas escolares m\u00e1s frecuentes y hablar\u00e1, entre otras cosas, sobre los equipos de apoyo con los que cuentan [&hellip;]<\/p>\n","protected":false},"author":6,"featured_media":0,"comment_status":"open","ping_status":"open","sticky":false,"template":"","format":"standard","meta":{"_acf_changed":false,"footnotes":""},"categories":[1],"tags":[],"class_list":["post-245","post","type-post","status-publish","format-standard","hentry","category-sin-categorizar"],"acf":[],"_links":{"self":[{"href":"https:\/\/www.umealaia.org\/araba\/wp-json\/wp\/v2\/posts\/245","targetHints":{"allow":["GET"]}}],"collection":[{"href":"https:\/\/www.umealaia.org\/araba\/wp-json\/wp\/v2\/posts"}],"about":[{"href":"https:\/\/www.umealaia.org\/araba\/wp-json\/wp\/v2\/types\/post"}],"author":[{"embeddable":true,"href":"https:\/\/www.umealaia.org\/araba\/wp-json\/wp\/v2\/users\/6"}],"replies":[{"embeddable":true,"href":"https:\/\/www.umealaia.org\/araba\/wp-json\/wp\/v2\/comments?post=245"}],"version-history":[{"count":0,"href":"https:\/\/www.umealaia.org\/araba\/wp-json\/wp\/v2\/posts\/245\/revisions"}],"wp:attachment":[{"href":"https:\/\/www.umealaia.org\/araba\/wp-json\/wp\/v2\/media?parent=245"}],"wp:term":[{"taxonomy":"category","embeddable":true,"href":"https:\/\/www.umealaia.org\/araba\/wp-json\/wp\/v2\/categories?post=245"},{"taxonomy":"post_tag","embeddable":true,"href":"https:\/\/www.umealaia.org\/araba\/wp-json\/wp\/v2\/tags?post=245"}],"curies":[{"name":"wp","href":"https:\/\/api.w.org\/{rel}","templated":true}]}}