{"id":244,"date":"2014-03-25T23:32:00","date_gmt":"2014-03-25T22:32:00","guid":{"rendered":"https:\/\/www.umealaia.org\/araba\/2014\/03\/25\/acta-de-las-asambleas-del-9-de-marzo-de-2014\/"},"modified":"2014-03-25T23:32:00","modified_gmt":"2014-03-25T22:32:00","slug":"acta-de-las-asambleas-del-9-de-marzo-de-2014","status":"publish","type":"post","link":"https:\/\/www.umealaia.org\/araba\/2014\/03\/25\/acta-de-las-asambleas-del-9-de-marzo-de-2014\/","title":{"rendered":"Acta de las asambleas del 9 de marzo de 2014"},"content":{"rendered":"<p>El pasado domingo 9 de marzo por la ma\u00f1ana se celebraron la asamblea general ordinaria y extraordinaria de Ume Alaia Araba en los locales de Salbur\u00faa. 14 familias acudieron a la reuni\u00f3n de la asociaci\u00f3n en la que, entre otras cosas, se refrendaron los cargos directivos, se detallaron las actividades del a\u00f1o anterior y se expuso el proyecto Ume Alaia Araba.<br \/>En el <a href=\"https:\/\/docs.google.com\/document\/d\/1OnHLTNT2_6gQrZsRLAWjR3Y1yhClPBwl7uQasbcXjcs\/edit?usp=sharing\">acta de las asambleas<\/a> se recogen los asuntos tratados y las intervenciones del p\u00fablico asistente. Esperamos que las familias que no pudieran acudir a la cita&nbsp;puedan, con este resumen, hacerse una idea del encuentro. De todos modos, cualquier aclaraci\u00f3n al respecto&nbsp;puede ser atendida enviando un mensaje al <a href=\"mailto:umealaia.araba@gmail.com\">correo electr\u00f3nico<\/a> de la asociaci\u00f3n.<\/p>\n","protected":false},"excerpt":{"rendered":"<p>El pasado domingo 9 de marzo por la ma\u00f1ana se celebraron la asamblea general ordinaria y extraordinaria de Ume Alaia Araba en los locales de Salbur\u00faa. 14 familias acudieron a la reuni\u00f3n de la asociaci\u00f3n en la que, entre otras cosas, se refrendaron los cargos directivos, se detallaron las actividades del a\u00f1o anterior y se [&hellip;]<\/p>\n","protected":false},"author":6,"featured_media":0,"comment_status":"open","ping_status":"open","sticky":false,"template":"","format":"standard","meta":{"_acf_changed":false,"footnotes":""},"categories":[1],"tags":[],"class_list":["post-244","post","type-post","status-publish","format-standard","hentry","category-sin-categorizar"],"acf":[],"_links":{"self":[{"href":"https:\/\/www.umealaia.org\/araba\/wp-json\/wp\/v2\/posts\/244","targetHints":{"allow":["GET"]}}],"collection":[{"href":"https:\/\/www.umealaia.org\/araba\/wp-json\/wp\/v2\/posts"}],"about":[{"href":"https:\/\/www.umealaia.org\/araba\/wp-json\/wp\/v2\/types\/post"}],"author":[{"embeddable":true,"href":"https:\/\/www.umealaia.org\/araba\/wp-json\/wp\/v2\/users\/6"}],"replies":[{"embeddable":true,"href":"https:\/\/www.umealaia.org\/araba\/wp-json\/wp\/v2\/comments?post=244"}],"version-history":[{"count":0,"href":"https:\/\/www.umealaia.org\/araba\/wp-json\/wp\/v2\/posts\/244\/revisions"}],"wp:attachment":[{"href":"https:\/\/www.umealaia.org\/araba\/wp-json\/wp\/v2\/media?parent=244"}],"wp:term":[{"taxonomy":"category","embeddable":true,"href":"https:\/\/www.umealaia.org\/araba\/wp-json\/wp\/v2\/categories?post=244"},{"taxonomy":"post_tag","embeddable":true,"href":"https:\/\/www.umealaia.org\/araba\/wp-json\/wp\/v2\/tags?post=244"}],"curies":[{"name":"wp","href":"https:\/\/api.w.org\/{rel}","templated":true}]}}