{"id":243,"date":"2014-04-06T21:02:00","date_gmt":"2014-04-06T20:02:00","guid":{"rendered":"https:\/\/www.umealaia.org\/araba\/2014\/04\/06\/encuentro-ludico-el-domingo-13-de-abril-en-salburua\/"},"modified":"2014-04-06T21:02:00","modified_gmt":"2014-04-06T20:02:00","slug":"encuentro-ludico-el-domingo-13-de-abril-en-salburua","status":"publish","type":"post","link":"https:\/\/www.umealaia.org\/araba\/2014\/04\/06\/encuentro-ludico-el-domingo-13-de-abril-en-salburua\/","title":{"rendered":"Encuentro l\u00fadico el domingo 13 de abril en Salbur\u00faa"},"content":{"rendered":"<p><span style=\"background-color: white;color: #222222;float: none;font: 13px\/normal arial, sans-serif;letter-spacing: normal;text-indent: 0px\">Queremos celebrar en vuestra compa\u00f1\u00eda la llegada de la primavera.<span>&nbsp;<\/span><\/span><br style=\"background-color: white;color: #222222;font: 13px\/normal arial, sans-serif;letter-spacing: normal;text-indent: 0px\" \/><span style=\"background-color: white;color: #222222;float: none;font: 13px\/normal arial, sans-serif;letter-spacing: normal;text-indent: 0px\">El pr\u00f3ximo d\u00eda 13 de Abril, domingo, os invitamos a acudir a un evento l\u00fadico para familias:<\/span><br style=\"background-color: white;color: #222222;font: 13px\/normal arial, sans-serif;letter-spacing: normal;text-indent: 0px\" \/><br style=\"background-color: white;color: #222222;font: 13px\/normal arial, sans-serif;letter-spacing: normal;text-indent: 0px\" \/><span style=\"background-color: white;color: #222222;float: none;font: 13px\/normal arial, sans-serif;letter-spacing: normal;text-indent: 0px\">Lugar: <a href=\"https:\/\/maps.google.es\/maps?f=q&amp;source=s_q&amp;hl=es&amp;geocode=&amp;q=salbur%C3%BAa&amp;aq=&amp;sll=42.859073,-2.671067&amp;sspn=0.038694,0.084543&amp;vpsrc=6&amp;t=h&amp;ie=UTF8&amp;hq=&amp;hnear=&amp;ll=42.856006,-2.644637&amp;spn=0.009674,0.021136&amp;z=16&amp;iwloc=A\" target=\"_blank\">Campas de Salbur\u00faa<\/a> (junto a la entrada del parque cercana a la asociaci\u00f3n)<\/span><br style=\"background-color: white;color: #222222;font: 13px\/normal arial, sans-serif;letter-spacing: normal;text-indent: 0px\" \/><span style=\"background-color: white;color: #222222;float: none;font: 13px\/normal arial, sans-serif;letter-spacing: normal;text-indent: 0px\">Hora: 11:00 h. AM.<\/span><br style=\"background-color: white;color: #222222;font: 13px\/normal arial, sans-serif;letter-spacing: normal;text-indent: 0px\" \/><br style=\"background-color: white;color: #222222;font: 13px\/normal arial, sans-serif;letter-spacing: normal;text-indent: 0px\" \/><span style=\"background-color: white;color: #222222;float: none;font: 13px\/normal arial, sans-serif;letter-spacing: normal;text-indent: 0px\">Actividades programadas:<\/span><br style=\"background-color: white;color: #222222;font: 13px\/normal arial, sans-serif;letter-spacing: normal;text-indent: 0px\" \/><br style=\"background-color: white;color: #222222;font: 13px\/normal arial, sans-serif;letter-spacing: normal;text-indent: 0px\" \/><span style=\"background-color: white;color: #222222;float: none;font: 13px\/normal arial, sans-serif;letter-spacing: normal;text-indent: 0px\">11:00 h:<a href=\"http:\/\/www.vitoria-gasteiz.org\/we001\/was\/we001Action.do?aplicacion=wb021&amp;tabla=contenido&amp;idioma=es&amp;uid=u_3d0924cc_12da3712de4__7ff0\" target=\"_blank\"> Paseo<\/a> en grupo por el parque de Salbur\u00faa.<\/span><br style=\"background-color: white;color: #222222;font: 13px\/normal arial, sans-serif;letter-spacing: normal;text-indent: 0px\" \/><span style=\"background-color: white;color: #222222;float: none;font: 13px\/normal arial, sans-serif;letter-spacing: normal;text-indent: 0px\"><\/span><br \/><span style=\"background-color: white;color: #222222;float: none;font: 13px\/normal arial, sans-serif;letter-spacing: normal;text-indent: 0px\">11:30 h: Almuerzo popular (tra\u00eddo desde casa por cada familia).<\/span><br \/><span style=\"background-color: white;color: #222222;float: none;font: 13px\/normal arial, sans-serif;letter-spacing: normal;text-indent: 0px\"><\/span><span style=\"background-color: white;color: #222222;float: none;font: 13px\/normal arial, sans-serif;letter-spacing: normal;text-indent: 0px\">12:00 h: Taller de pintura de manos para realizar <strong>mural tem\u00e1tico<\/strong> en la entrada del parque.<\/span><br \/><span style=\"background-color: white;color: #222222;float: none;font: 13px\/normal arial, sans-serif;letter-spacing: normal;text-indent: 0px\"><\/span><span style=\"background-color: white;color: #222222;float: none;font: 13px\/normal arial, sans-serif;letter-spacing: normal;text-indent: 0px\">13:00 h: Din\u00e1micas realizadas bajo la supervisi\u00f3n de un adulto: bal\u00f3n prisionero, el ataque de los submarinos, campeonato de parejas, etc.<span>&nbsp;<\/span><\/span><\/p>\n<div style=\"background-color: white;color: #222222;font: 13px\/normal arial, sans-serif;letter-spacing: normal;text-indent: 0px\">13:30 h: Concierto de Hip Hop de <strong>Vasco Boy<\/strong>.<\/div>\n<div style=\"background-color: white;color: #222222;font: 13px\/normal arial, sans-serif;letter-spacing: normal;text-indent: 0px\">14: 00: Y si estamos a gusto, dejamos abierta la posibilidad de comer juntos en los locales de la asociaci\u00f3n.<br \/>&nbsp;( con la comida tra\u00edda de casa tambi\u00e9n).<\/p>\n<p>Queremos pasar un buen rato con vosotros, charlar, que nuestros hijos e hijas hagan cuadrilla&#8230;<span>&nbsp;<\/span><br \/>Tambi\u00e9n pod\u00e9is traer propuestas para pasar el rato: cometas, cartas, balones, b\u00e9isbol&#8230;<span>&nbsp;<\/span><\/div>\n<div style=\"background-color: white;color: #222222;font: 13px\/normal arial, sans-serif;letter-spacing: normal;text-indent: 0px\"><span><\/span><br \/>Un abrazo a todos\/as.<\/div>\n","protected":false},"excerpt":{"rendered":"<p>Queremos celebrar en vuestra compa\u00f1\u00eda la llegada de la primavera.&nbsp;El pr\u00f3ximo d\u00eda 13 de Abril, domingo, os invitamos a acudir a un evento l\u00fadico para familias:Lugar: Campas de Salbur\u00faa (junto a la entrada del parque cercana a la asociaci\u00f3n)Hora: 11:00 h. AM.Actividades programadas:11:00 h: Paseo en grupo por el parque de Salbur\u00faa.11:30 h: Almuerzo popular [&hellip;]<\/p>\n","protected":false},"author":6,"featured_media":0,"comment_status":"open","ping_status":"open","sticky":false,"template":"","format":"standard","meta":{"_acf_changed":false,"footnotes":""},"categories":[1],"tags":[],"class_list":["post-243","post","type-post","status-publish","format-standard","hentry","category-sin-categorizar"],"acf":[],"_links":{"self":[{"href":"https:\/\/www.umealaia.org\/araba\/wp-json\/wp\/v2\/posts\/243","targetHints":{"allow":["GET"]}}],"collection":[{"href":"https:\/\/www.umealaia.org\/araba\/wp-json\/wp\/v2\/posts"}],"about":[{"href":"https:\/\/www.umealaia.org\/araba\/wp-json\/wp\/v2\/types\/post"}],"author":[{"embeddable":true,"href":"https:\/\/www.umealaia.org\/araba\/wp-json\/wp\/v2\/users\/6"}],"replies":[{"embeddable":true,"href":"https:\/\/www.umealaia.org\/araba\/wp-json\/wp\/v2\/comments?post=243"}],"version-history":[{"count":0,"href":"https:\/\/www.umealaia.org\/araba\/wp-json\/wp\/v2\/posts\/243\/revisions"}],"wp:attachment":[{"href":"https:\/\/www.umealaia.org\/araba\/wp-json\/wp\/v2\/media?parent=243"}],"wp:term":[{"taxonomy":"category","embeddable":true,"href":"https:\/\/www.umealaia.org\/araba\/wp-json\/wp\/v2\/categories?post=243"},{"taxonomy":"post_tag","embeddable":true,"href":"https:\/\/www.umealaia.org\/araba\/wp-json\/wp\/v2\/tags?post=243"}],"curies":[{"name":"wp","href":"https:\/\/api.w.org\/{rel}","templated":true}]}}