{"id":242,"date":"2014-04-26T11:08:00","date_gmt":"2014-04-26T10:08:00","guid":{"rendered":"https:\/\/www.umealaia.org\/araba\/2014\/04\/26\/paso-a-paso-hacia-las-proximas-actividades\/"},"modified":"2014-04-26T11:08:00","modified_gmt":"2014-04-26T10:08:00","slug":"paso-a-paso-hacia-las-proximas-actividades","status":"publish","type":"post","link":"https:\/\/www.umealaia.org\/araba\/2014\/04\/26\/paso-a-paso-hacia-las-proximas-actividades\/","title":{"rendered":"Paso a paso hacia las pr\u00f3ximas actividades"},"content":{"rendered":"<p>Poco a poco va tomando forma el proyecto asociativo Ume Alaia Araba. Nunca es tarde para agradecer la participaci\u00f3n de quienes han colaborado&nbsp;de alg\u00fan modo con&nbsp;la asociaci\u00f3n,&nbsp;ya que&nbsp;sin esa participaci\u00f3n la asociaci\u00f3n no hubiera sido la realidad que es hoy en d\u00eda. <\/p>\n<p>Aprovechando la oportunidad, queremos&nbsp;informar de&nbsp;que en el \u00faltimo cuatrimestre se han cumplido las&nbsp;expectativas&nbsp; establecidas en la <a href=\"https:\/\/docs.google.com\/document\/d\/1OnHLTNT2_6gQrZsRLAWjR3Y1yhClPBwl7uQasbcXjcs\/edit?pli=1\" target=\"_blank\">asamblea general<\/a> cumpli\u00e9ndose los objetivos y acciones establecidas en dicho per\u00edodo.&nbsp;El \u00faltimo encuentro l\u00fadico&nbsp;en Salbur\u00faa fue una confirmaci\u00f3n de que el grupo va creciendo y que su apuesta tiene futuro, simplemente lo pasamos en grande.<\/p>\n<div style=\"clear: both;text-align: center\"><a href=\"http:\/\/3.bp.blogspot.com\/-4bpyI99Bw1k\/U1uAa5PbTJI\/AAAAAAAAAMo\/25IJZ4OGIu8\/s1600\/difuminada.jpg\" style=\"margin-left: 1em;margin-right: 1em\"><img loading=\"lazy\" decoding=\"async\" border=\"0\" src=\"http:\/\/3.bp.blogspot.com\/-4bpyI99Bw1k\/U1uAa5PbTJI\/AAAAAAAAAMo\/25IJZ4OGIu8\/s1600\/difuminada.jpg\" height=\"300\" width=\"400\" \/><\/a><\/div>\n<p>De cara al pr\u00f3ximo per\u00edodo tenemos programado&nbsp;una serie de actividades:<\/p>\n<ul>\n<li>\n<div style=\"text-align: left\">Caf\u00e9 tertulia el jueves 8 de mayo a las 19:00h en los <a href=\"https:\/\/maps.google.es\/maps?q=Estrasburgo+Ibilbidea,+17,+Vitoria&amp;hl=es&amp;ll=42.854024,-2.650645&amp;spn=0.00306,0.004823&amp;sll=42.852679,-2.650339&amp;sspn=0.00306,0.004823&amp;oq=Estrasburgo++17+vitoria&amp;hnear=Estrasburgo+Ibilbidea,+17,+01002+Vitoria-Gasteiz,+Araba&amp;t=m&amp;z=18\">locales de Salbur\u00faa<\/a>. encuentro al que quien quiera puede acudir y ayudar en su organizaci\u00f3n. <\/div>\n<\/li>\n<li>\n<div style=\"text-align: left\">Jornada sobre adopci\u00f3n y or\u00edgenes que haremos en el palacio Europa el 24 de mayo a las 10:30h <\/div>\n<\/li>\n<li>\n<div style=\"text-align: left\">Tertulias literarias sobre libros basados en adopci\u00f3n 15 de mayo a las 18:00h. En esta primera ocasi\u00f3n se tratar\u00e1 la novela gr\u00e1fica de Jung<em> <a href=\"http:\/\/www.casadellibro.com\/libro-piel-color-miel\/9788461268801\/1234788\" target=\"_blank\">Piel Color Miel<\/a><\/em>. <\/div>\n<\/li>\n<\/ul>\n<div style=\"text-align: left\">En breve informaremos de qu\u00e9 hay que hacer para participar en la tertulia literaria y en las jornadas en el Europa.<\/div>\n<div style=\"text-align: left\">&nbsp;<\/div>\n<div style=\"text-align: left\">Ante las sugerencias de algunas familias de la asociaci\u00f3n, aprovechamos la ocasi\u00f3n para recordar que en su d\u00eda se crearon unas comisiones para fomentar las participaci\u00f3n entre las familias asociadas. Pod\u00e9is contactar v\u00eda <a href=\"mailto:umealaia.araba@gmail.com\">email<\/a> por si quer\u00e9is formar parte de alguna. Os recordamos las cinco comisiones:<\/div>\n<ol>\n<li>\n<div style=\"text-align: left\">Relaci\u00f3n entre familias: encuentros l\u00fadicos y caf\u00e9s tertulia<\/div>\n<\/li>\n<li>\n<div style=\"text-align: left\">Punto de informaci\u00f3n<\/div>\n<\/li>\n<li>\n<div style=\"text-align: left\">Relaciones con Instituciones<\/div>\n<\/li>\n<li>\n<div style=\"text-align: left\">Comunicaci\u00f3n<\/div>\n<\/li>\n<li>\n<div style=\"text-align: left\">Formaci\u00f3n<\/div>\n<\/li>\n<\/ol>\n","protected":false},"excerpt":{"rendered":"<p>Poco a poco va tomando forma el proyecto asociativo Ume Alaia Araba. Nunca es tarde para agradecer la participaci\u00f3n de quienes han colaborado&nbsp;de alg\u00fan modo con&nbsp;la asociaci\u00f3n,&nbsp;ya que&nbsp;sin esa participaci\u00f3n la asociaci\u00f3n no hubiera sido la realidad que es hoy en d\u00eda. Aprovechando la oportunidad, queremos&nbsp;informar de&nbsp;que en el \u00faltimo cuatrimestre se han cumplido las&nbsp;expectativas&nbsp; [&hellip;]<\/p>\n","protected":false},"author":6,"featured_media":0,"comment_status":"open","ping_status":"open","sticky":false,"template":"","format":"standard","meta":{"_acf_changed":false,"footnotes":""},"categories":[1],"tags":[],"class_list":["post-242","post","type-post","status-publish","format-standard","hentry","category-sin-categorizar"],"acf":[],"_links":{"self":[{"href":"https:\/\/www.umealaia.org\/araba\/wp-json\/wp\/v2\/posts\/242","targetHints":{"allow":["GET"]}}],"collection":[{"href":"https:\/\/www.umealaia.org\/araba\/wp-json\/wp\/v2\/posts"}],"about":[{"href":"https:\/\/www.umealaia.org\/araba\/wp-json\/wp\/v2\/types\/post"}],"author":[{"embeddable":true,"href":"https:\/\/www.umealaia.org\/araba\/wp-json\/wp\/v2\/users\/6"}],"replies":[{"embeddable":true,"href":"https:\/\/www.umealaia.org\/araba\/wp-json\/wp\/v2\/comments?post=242"}],"version-history":[{"count":0,"href":"https:\/\/www.umealaia.org\/araba\/wp-json\/wp\/v2\/posts\/242\/revisions"}],"wp:attachment":[{"href":"https:\/\/www.umealaia.org\/araba\/wp-json\/wp\/v2\/media?parent=242"}],"wp:term":[{"taxonomy":"category","embeddable":true,"href":"https:\/\/www.umealaia.org\/araba\/wp-json\/wp\/v2\/categories?post=242"},{"taxonomy":"post_tag","embeddable":true,"href":"https:\/\/www.umealaia.org\/araba\/wp-json\/wp\/v2\/tags?post=242"}],"curies":[{"name":"wp","href":"https:\/\/api.w.org\/{rel}","templated":true}]}}