{"id":241,"date":"2014-05-06T21:56:00","date_gmt":"2014-05-06T20:56:00","guid":{"rendered":"https:\/\/www.umealaia.org\/araba\/2014\/05\/06\/posponemos-el-cafe-tertulia-del-jueves-8-de-mayo\/"},"modified":"2014-05-06T21:56:00","modified_gmt":"2014-05-06T20:56:00","slug":"posponemos-el-cafe-tertulia-del-jueves-8-de-mayo","status":"publish","type":"post","link":"https:\/\/www.umealaia.org\/araba\/2014\/05\/06\/posponemos-el-cafe-tertulia-del-jueves-8-de-mayo\/","title":{"rendered":"Posponemos el caf\u00e9 tertulia del jueves 8 de mayo"},"content":{"rendered":"<p>Por diversos motivos personales del equipo organizador, se ha decidido posponer el&nbsp;caf\u00e9 tertulia de este jueves a las 7&nbsp;para el pr\u00f3ximo mes de junio. La fecha para el evento ser\u00e1 anunciada en este blog con&nbsp;cierta antelaci\u00f3n.<\/p>\n<p><a href=\"http:\/\/foroelsalvador.blogia.com\/upload\/20120420111941-pospuesto.jpg\" style=\"clear: left;float: left;margin-bottom: 1em;margin-right: 1em\"><img loading=\"lazy\" decoding=\"async\" border=\"0\" height=\"267\" src=\"http:\/\/foroelsalvador.blogia.com\/upload\/20120420111941-pospuesto.jpg\" width=\"320\" \/><\/a>De todos modos, aquellas personas que ten\u00edan pensado acudir al caf\u00e9&nbsp;pueden &nbsp;pasarse a la misma hora por los locales de la asociaci\u00f3n en el <a href=\"https:\/\/maps.google.es\/maps?q=Estrasburgo+Ibilbidea,+17,+Vitoria&amp;hl=es&amp;ll=42.854024,-2.650645&amp;spn=0.00306,0.004823&amp;sll=42.852679,-2.650339&amp;sspn=0.00306,0.004823&amp;oq=Estrasburgo++17+vitoria&amp;hnear=Estrasburgo+Ibilbidea,+17,+01002+Vitoria-Gasteiz,+Araba&amp;t=m&amp;z=18\" target=\"_blank\"><span style=\"font-family: inherit\"><span style=\"color: #2288bb\">Paseo de Estrasburgo n\u00ba17<\/span><\/span><\/a>, ya que en el mismo horario,&nbsp;habr\u00e1 algunas familias de la asociaci\u00f3n&nbsp; que&nbsp;asistir\u00e1n a la misma hora dispuestas a conversar.<\/p>\n","protected":false},"excerpt":{"rendered":"<p>Por diversos motivos personales del equipo organizador, se ha decidido posponer el&nbsp;caf\u00e9 tertulia de este jueves a las 7&nbsp;para el pr\u00f3ximo mes de junio. La fecha para el evento ser\u00e1 anunciada en este blog con&nbsp;cierta antelaci\u00f3n. De todos modos, aquellas personas que ten\u00edan pensado acudir al caf\u00e9&nbsp;pueden &nbsp;pasarse a la misma hora por los locales [&hellip;]<\/p>\n","protected":false},"author":6,"featured_media":0,"comment_status":"open","ping_status":"open","sticky":false,"template":"","format":"standard","meta":{"_acf_changed":false,"footnotes":""},"categories":[1],"tags":[],"class_list":["post-241","post","type-post","status-publish","format-standard","hentry","category-sin-categorizar"],"acf":[],"_links":{"self":[{"href":"https:\/\/www.umealaia.org\/araba\/wp-json\/wp\/v2\/posts\/241","targetHints":{"allow":["GET"]}}],"collection":[{"href":"https:\/\/www.umealaia.org\/araba\/wp-json\/wp\/v2\/posts"}],"about":[{"href":"https:\/\/www.umealaia.org\/araba\/wp-json\/wp\/v2\/types\/post"}],"author":[{"embeddable":true,"href":"https:\/\/www.umealaia.org\/araba\/wp-json\/wp\/v2\/users\/6"}],"replies":[{"embeddable":true,"href":"https:\/\/www.umealaia.org\/araba\/wp-json\/wp\/v2\/comments?post=241"}],"version-history":[{"count":0,"href":"https:\/\/www.umealaia.org\/araba\/wp-json\/wp\/v2\/posts\/241\/revisions"}],"wp:attachment":[{"href":"https:\/\/www.umealaia.org\/araba\/wp-json\/wp\/v2\/media?parent=241"}],"wp:term":[{"taxonomy":"category","embeddable":true,"href":"https:\/\/www.umealaia.org\/araba\/wp-json\/wp\/v2\/categories?post=241"},{"taxonomy":"post_tag","embeddable":true,"href":"https:\/\/www.umealaia.org\/araba\/wp-json\/wp\/v2\/tags?post=241"}],"curies":[{"name":"wp","href":"https:\/\/api.w.org\/{rel}","templated":true}]}}