{"id":240,"date":"2014-05-15T22:15:00","date_gmt":"2014-05-15T21:15:00","guid":{"rendered":"https:\/\/www.umealaia.org\/araba\/2014\/05\/15\/jornada-implicadosas-en-la-adopcion-reflexiones-personales-y-profesionales\/"},"modified":"2014-05-15T22:15:00","modified_gmt":"2014-05-15T21:15:00","slug":"jornada-implicadosas-en-la-adopcion-reflexiones-personales-y-profesionales","status":"publish","type":"post","link":"https:\/\/www.umealaia.org\/araba\/2014\/05\/15\/jornada-implicadosas-en-la-adopcion-reflexiones-personales-y-profesionales\/","title":{"rendered":"Jornada \u201cImplicados\/as en la adopci\u00f3n. Reflexiones personales  y profesionales\u00bb"},"content":{"rendered":"<p>El pr\u00f3ximo s\u00e1bado 24 de&nbsp; Mayo de 10:30h a 13:30h, presentaremos la jornada abierta \u201cImplicados\/as en la adopci\u00f3n. Reflexiones personales&nbsp; y profesionales\u201d en el Palacio de Exposiciones y Congresos Europa de Vitoria-Gasteiz.<\/p>\n<div style=\"clear: both;text-align: center\"><a href=\"http:\/\/3.bp.blogspot.com\/-D1kz4k4OWMM\/U3UticPkhMI\/AAAAAAAAANQ\/jd5wUsVDEY8\/s1600\/proyeccion.jpg\" style=\"margin-left: 1em;margin-right: 1em\"><img loading=\"lazy\" decoding=\"async\" border=\"0\" src=\"http:\/\/3.bp.blogspot.com\/-D1kz4k4OWMM\/U3UticPkhMI\/AAAAAAAAANQ\/jd5wUsVDEY8\/s1600\/proyeccion.jpg\" height=\"296\" width=\"400\" \/><\/a><\/div>\n<p>La jornada, organizada junto con Ume Alaia Bizkaia y Ume Alaia Gipuzkoa, servir\u00e1 para&nbsp; reflexionar sobre la adopci\u00f3n a partir de vivencias y experiencias contadas en primera persona.&nbsp; Estos testimonios ser\u00e1n expuestos por profesionales, madres y padres adoptivos, un psicopedagogo&nbsp; mediador en la b\u00fasqueda de or\u00edgenes, una madre biol\u00f3gica y la propia voz de dos personas&nbsp; adoptadas. El encuentro tendr\u00e1 un formato de mesa redonda, persiguiendo el intercambio de&nbsp; ideas y el planteamiento de soluciones ante posibles dificultades. La jornada tiene como objetivo&nbsp; final ayudar a las familias adoptivas a sortear los baches del camino, facilitando a las familias&nbsp; herramientas adecuadas para un desarrollo emocional pleno de la persona adoptada. De forma paralela a las jornadas, se han organizado distintos talleres para los m\u00e1s peque\u00f1os.<br \/>El encuentro ha contado con el apoyo de las instituciones Gobierno Vasco, Ayuntamiento de&nbsp; Vitoria- Gasteiz y Diputaciones Forales de Gipuzkoa, Bizkaia y \u00c1lava. <\/p>\n<ul>\n<li>Apuntarse en el siguiente&nbsp;<a href=\"https:\/\/docs.google.com\/forms\/d\/1A0CsCG3N1Zq6XfJ6F86UJCIDncuLkTmXU7mLJFuZ-y8\/viewform?sid&amp;c=0&amp;w=1&amp;token\" target=\"_blank\">enlace<\/a>&nbsp;&nbsp;<\/li>\n<\/ul>\n<p>Para cualquier consulta, pueden contactar preferiblemente en el correo electr\u00f3nico&nbsp; <a href=\"mailto:umealaia.araba@gmail.com\">umealaia.araba@gmail.com<\/a> o en el tel\u00e9fono 657722011.<\/p>\n","protected":false},"excerpt":{"rendered":"<p>El pr\u00f3ximo s\u00e1bado 24 de&nbsp; Mayo de 10:30h a 13:30h, presentaremos la jornada abierta \u201cImplicados\/as en la adopci\u00f3n. Reflexiones personales&nbsp; y profesionales\u201d en el Palacio de Exposiciones y Congresos Europa de Vitoria-Gasteiz. La jornada, organizada junto con Ume Alaia Bizkaia y Ume Alaia Gipuzkoa, servir\u00e1 para&nbsp; reflexionar sobre la adopci\u00f3n a partir de vivencias y [&hellip;]<\/p>\n","protected":false},"author":6,"featured_media":0,"comment_status":"open","ping_status":"open","sticky":false,"template":"","format":"standard","meta":{"_acf_changed":false,"footnotes":""},"categories":[1],"tags":[],"class_list":["post-240","post","type-post","status-publish","format-standard","hentry","category-sin-categorizar"],"acf":[],"_links":{"self":[{"href":"https:\/\/www.umealaia.org\/araba\/wp-json\/wp\/v2\/posts\/240","targetHints":{"allow":["GET"]}}],"collection":[{"href":"https:\/\/www.umealaia.org\/araba\/wp-json\/wp\/v2\/posts"}],"about":[{"href":"https:\/\/www.umealaia.org\/araba\/wp-json\/wp\/v2\/types\/post"}],"author":[{"embeddable":true,"href":"https:\/\/www.umealaia.org\/araba\/wp-json\/wp\/v2\/users\/6"}],"replies":[{"embeddable":true,"href":"https:\/\/www.umealaia.org\/araba\/wp-json\/wp\/v2\/comments?post=240"}],"version-history":[{"count":0,"href":"https:\/\/www.umealaia.org\/araba\/wp-json\/wp\/v2\/posts\/240\/revisions"}],"wp:attachment":[{"href":"https:\/\/www.umealaia.org\/araba\/wp-json\/wp\/v2\/media?parent=240"}],"wp:term":[{"taxonomy":"category","embeddable":true,"href":"https:\/\/www.umealaia.org\/araba\/wp-json\/wp\/v2\/categories?post=240"},{"taxonomy":"post_tag","embeddable":true,"href":"https:\/\/www.umealaia.org\/araba\/wp-json\/wp\/v2\/tags?post=240"}],"curies":[{"name":"wp","href":"https:\/\/api.w.org\/{rel}","templated":true}]}}