{"id":239,"date":"2014-06-04T09:05:00","date_gmt":"2014-06-04T08:05:00","guid":{"rendered":"https:\/\/www.umealaia.org\/araba\/2014\/06\/04\/charla-el-6-de-junio-a-las-1730h-sobre-hiperactividad-adopcion-y-escuela\/"},"modified":"2014-06-04T09:05:00","modified_gmt":"2014-06-04T08:05:00","slug":"charla-el-6-de-junio-a-las-1730h-sobre-hiperactividad-adopcion-y-escuela","status":"publish","type":"post","link":"https:\/\/www.umealaia.org\/araba\/2014\/06\/04\/charla-el-6-de-junio-a-las-1730h-sobre-hiperactividad-adopcion-y-escuela\/","title":{"rendered":"Charla el 6 de junio a las 17:30h sobre hiperactividad, adopci\u00f3n y escuela"},"content":{"rendered":"<p>Cada vez es m\u00e1s frecuente escuchar que el ni\u00f1o o la ni\u00f1a adoptada que presenta dificultades de comportamiento en el colegio es considerado \u201chiperactivo o hiperactiva\u201d, o que entre los adoptados\/as hay un mayor n\u00famero de diagnosticados con \u201ctrastorno de d\u00e9ficit de atenci\u00f3n e hiperactividad\u201d.<\/p>\n<div><\/div>\n<div>Ante estos casos, la psic\u00f3loga y terapeuta infantil&nbsp;&nbsp;especialista en adopci\u00f3n, Geraldine Sagarna &nbsp;impartir\u00e1 un charla que tendr\u00e1 lugar el viernes 6 Junio en el sal\u00f3n de actos del&nbsp;<a href=\"http:\/\/www.colegiosanprudencio.net\/\" target=\"_blank\">Colegio San Prudencio Ikastetxea<\/a> &nbsp;localizado en la calle Duque de Wellington \u2013 4 de Vitoria, en horario de 17:30 a 19:00 h.<\/div>\n<div>\n<div>La charla es de car\u00e1cter gratuito, pero requiere una <a href=\"http:\/\/adoptia.org\/cas\/inscripcion.aspx\" target=\"_blank\">&nbsp;inscripci\u00f3n<\/a>&nbsp;previa.&nbsp;<\/div>\n<\/div>\n<div>\n<ul>\n<li><a href=\"http:\/\/www.adoptia.org\/cas\/detalleActualidad.aspx?id=43853c08-ee1c-4d2f-a131-738032fd3c77&amp;origen=listado&amp;pagina=0\" target=\"_blank\">M\u00e1s informaci\u00f3n<\/a>&nbsp;sobre la charla<\/li>\n<\/ul>\n<p><br style=\"background-color: white;font-family: arial, helvetica, sans-serif;font-size: 13px\" \/><img decoding=\"async\" src=\"https:\/\/maps.google.com\/maps\/api\/staticmap?size=300x300&amp;maptype=roadmap&amp;sensor=false&amp;markers=color:red%7C42.860079,-2.690875&amp;client=google-maps-sharing&amp;signature=9eRb6oE0oKASbKnLzggL6RgbTZ4=\" style=\"background-color: white;border: 0px;font-family: arial, helvetica, sans-serif;font-size: 13px;margin: 0px;padding: 0px\" \/><\/div>\n","protected":false},"excerpt":{"rendered":"<p>Cada vez es m\u00e1s frecuente escuchar que el ni\u00f1o o la ni\u00f1a adoptada que presenta dificultades de comportamiento en el colegio es considerado \u201chiperactivo o hiperactiva\u201d, o que entre los adoptados\/as hay un mayor n\u00famero de diagnosticados con \u201ctrastorno de d\u00e9ficit de atenci\u00f3n e hiperactividad\u201d. Ante estos casos, la psic\u00f3loga y terapeuta infantil&nbsp;&nbsp;especialista en adopci\u00f3n, [&hellip;]<\/p>\n","protected":false},"author":6,"featured_media":0,"comment_status":"open","ping_status":"open","sticky":false,"template":"","format":"standard","meta":{"_acf_changed":false,"footnotes":""},"categories":[1],"tags":[],"class_list":["post-239","post","type-post","status-publish","format-standard","hentry","category-sin-categorizar"],"acf":[],"_links":{"self":[{"href":"https:\/\/www.umealaia.org\/araba\/wp-json\/wp\/v2\/posts\/239","targetHints":{"allow":["GET"]}}],"collection":[{"href":"https:\/\/www.umealaia.org\/araba\/wp-json\/wp\/v2\/posts"}],"about":[{"href":"https:\/\/www.umealaia.org\/araba\/wp-json\/wp\/v2\/types\/post"}],"author":[{"embeddable":true,"href":"https:\/\/www.umealaia.org\/araba\/wp-json\/wp\/v2\/users\/6"}],"replies":[{"embeddable":true,"href":"https:\/\/www.umealaia.org\/araba\/wp-json\/wp\/v2\/comments?post=239"}],"version-history":[{"count":0,"href":"https:\/\/www.umealaia.org\/araba\/wp-json\/wp\/v2\/posts\/239\/revisions"}],"wp:attachment":[{"href":"https:\/\/www.umealaia.org\/araba\/wp-json\/wp\/v2\/media?parent=239"}],"wp:term":[{"taxonomy":"category","embeddable":true,"href":"https:\/\/www.umealaia.org\/araba\/wp-json\/wp\/v2\/categories?post=239"},{"taxonomy":"post_tag","embeddable":true,"href":"https:\/\/www.umealaia.org\/araba\/wp-json\/wp\/v2\/tags?post=239"}],"curies":[{"name":"wp","href":"https:\/\/api.w.org\/{rel}","templated":true}]}}