{"id":238,"date":"2014-06-10T22:17:00","date_gmt":"2014-06-10T21:17:00","guid":{"rendered":"https:\/\/www.umealaia.org\/araba\/2014\/06\/10\/cafe-tertulia-el-proximo-martes-17-de-junio\/"},"modified":"2014-06-10T22:17:00","modified_gmt":"2014-06-10T21:17:00","slug":"cafe-tertulia-el-proximo-martes-17-de-junio","status":"publish","type":"post","link":"https:\/\/www.umealaia.org\/araba\/2014\/06\/10\/cafe-tertulia-el-proximo-martes-17-de-junio\/","title":{"rendered":"Caf\u00e9 tertulia el pr\u00f3ximo martes 17 de junio"},"content":{"rendered":"<div style=\"background-color: white;color: #222222;font: 13px\/normal arial, sans-serif;letter-spacing: normal;text-indent: 0px\">Os convocamos al caf\u00e9 tertulia que tendr\u00e1 lugar en los<span>&nbsp;<\/span><a href=\"https:\/\/www.google.es\/maps\/place\/Estrasburgo+Ibilbidea,+17\/@42.8534195,-2.650184,17z\/data=!3m1!4b1!4m2!3m1!1s0xd4fc2f2c6680f71:0xdf225f222d561b7d\" style=\"color: #1155cc\" target=\"_blank\">locales de la asociaci\u00f3n<\/a><span>&nbsp;<\/span>el 17 de junio a las 19:00.<\/div>\n<div style=\"background-color: white;color: #222222;font: 13px\/normal arial, sans-serif;letter-spacing: normal;text-indent: 0px\">&nbsp;<\/div>\n<div style=\"background-color: white;color: #222222;font: 13px\/normal arial, sans-serif;letter-spacing: normal;text-indent: 0px\">Es el \u00faltimo antes de las vacaciones de verano, as\u00ed que con \u00e9l cerraremos el curso. Tenemos muchas ganas de charlar una vez m\u00e1s. Os pedimos que si hay alg\u00fan tema que sea de vuestro inter\u00e9s nos lo hag\u00e1is saber e intentaremos darle cabida el martes.<\/div>\n<div style=\"background-color: white;color: #222222;font: 13px\/normal arial, sans-serif;letter-spacing: normal;text-indent: 0px\">&nbsp;<\/div>\n<div style=\"background-color: white;color: #222222;font: 13px\/normal arial, sans-serif;letter-spacing: normal;text-indent: 0px\">Os esperamos.<\/div>\n","protected":false},"excerpt":{"rendered":"<p>Os convocamos al caf\u00e9 tertulia que tendr\u00e1 lugar en los&nbsp;locales de la asociaci\u00f3n&nbsp;el 17 de junio a las 19:00. &nbsp; Es el \u00faltimo antes de las vacaciones de verano, as\u00ed que con \u00e9l cerraremos el curso. Tenemos muchas ganas de charlar una vez m\u00e1s. Os pedimos que si hay alg\u00fan tema que sea de vuestro [&hellip;]<\/p>\n","protected":false},"author":6,"featured_media":0,"comment_status":"open","ping_status":"open","sticky":false,"template":"","format":"standard","meta":{"_acf_changed":false,"footnotes":""},"categories":[1],"tags":[],"class_list":["post-238","post","type-post","status-publish","format-standard","hentry","category-sin-categorizar"],"acf":[],"_links":{"self":[{"href":"https:\/\/www.umealaia.org\/araba\/wp-json\/wp\/v2\/posts\/238","targetHints":{"allow":["GET"]}}],"collection":[{"href":"https:\/\/www.umealaia.org\/araba\/wp-json\/wp\/v2\/posts"}],"about":[{"href":"https:\/\/www.umealaia.org\/araba\/wp-json\/wp\/v2\/types\/post"}],"author":[{"embeddable":true,"href":"https:\/\/www.umealaia.org\/araba\/wp-json\/wp\/v2\/users\/6"}],"replies":[{"embeddable":true,"href":"https:\/\/www.umealaia.org\/araba\/wp-json\/wp\/v2\/comments?post=238"}],"version-history":[{"count":0,"href":"https:\/\/www.umealaia.org\/araba\/wp-json\/wp\/v2\/posts\/238\/revisions"}],"wp:attachment":[{"href":"https:\/\/www.umealaia.org\/araba\/wp-json\/wp\/v2\/media?parent=238"}],"wp:term":[{"taxonomy":"category","embeddable":true,"href":"https:\/\/www.umealaia.org\/araba\/wp-json\/wp\/v2\/categories?post=238"},{"taxonomy":"post_tag","embeddable":true,"href":"https:\/\/www.umealaia.org\/araba\/wp-json\/wp\/v2\/tags?post=238"}],"curies":[{"name":"wp","href":"https:\/\/api.w.org\/{rel}","templated":true}]}}