{"id":237,"date":"2014-09-04T21:35:00","date_gmt":"2014-09-04T20:35:00","guid":{"rendered":"https:\/\/www.umealaia.org\/araba\/2014\/09\/04\/fiesta-de-inicio-de-curso-2014-15\/"},"modified":"2014-09-04T21:35:00","modified_gmt":"2014-09-04T20:35:00","slug":"fiesta-de-inicio-de-curso-2014-15","status":"publish","type":"post","link":"https:\/\/www.umealaia.org\/araba\/2014\/09\/04\/fiesta-de-inicio-de-curso-2014-15\/","title":{"rendered":"Fiesta de inicio de curso 2014-15"},"content":{"rendered":"<p>El pr\u00f3ximo&nbsp;domingo 14 de septiembre nos juntaremos en el <a href=\"https:\/\/www.google.es\/maps\/dir\/\/Parque+de+Ol%C3%A1rizu,+Avenida+de+Olarizu,+s%2Fn,+01006+Vitoria-Gasteiz,+%C3%81lava\/@42.8299668,-2.6652487,14z\/data=!4m12!1m3!3m2!1s0x0:0xbe80d1698895fa1c!2sParque+de+Ol%C3%A1rizu!4m7!1m0!1m5!1m1!1s0xd4fe9d688034d39:0xbe80d1698895fa1c!2m2!1d-2.662983!2d42.829601\" target=\"_blank\">parque de Olarizu<\/a> a pasar el d\u00eda. Ser\u00e1 la v\u00edspera de la romer\u00eda y seguro que el espacio estar\u00e1 de por s\u00ed animado. A eso de las 11 llegaremos las primeras familias para ir ocupando las mesas&nbsp;<u>entre la casa de la Dehesa y la fuente<\/u>.&nbsp;En esa zona&nbsp;plantaremos campamento y acogeremos a todo el que quiera venir. <br \/>\ufeff\ufeff\ufeff\ufeff\ufeff<\/p>\n<table align=\"center\" cellpadding=\"0\" cellspacing=\"0\" style=\"margin-left: auto;margin-right: auto;text-align: center\">\n<tbody>\n<tr>\n<td style=\"text-align: center\"><a href=\"http:\/\/2.bp.blogspot.com\/-G2alJ1qhMLk\/VAjENvGyiRI\/AAAAAAAAAOQ\/cpFQbmCFEp4\/s1600\/10716123383_0474b4847f_z.jpg\" style=\"margin-left: auto;margin-right: auto\"><img loading=\"lazy\" decoding=\"async\" border=\"0\" src=\"http:\/\/2.bp.blogspot.com\/-G2alJ1qhMLk\/VAjENvGyiRI\/AAAAAAAAAOQ\/cpFQbmCFEp4\/s1600\/10716123383_0474b4847f_z.jpg\" height=\"170\" width=\"400\" \/><\/a><\/td>\n<\/tr>\n<tr>\n<td style=\"text-align: center\"><a href=\"https:\/\/www.flickr.com\/photos\/gacelmiguel\/10716123383\/in\/photolist-hjWW8Z-7DDVxx-j9AnRE-9PnyM1-a7K4Fn-4oD4ht-4CTuEt-7p9PBA-dny4gE-bnWpR8-eFui3T-k5FvxM-dny4p1-dny4aj-dnxZbn-a7tc94-dny3Um-dnxYNp-dnxYgt-dnxYpz-dnxYwi-dny3M7-dny2ZC-dnxYEP-dny2RU-dnxXuj-dnxX5s-dnxXSZ-dnxWjL-dnxTMH-dny1Pu-dnxVFz-dnxS9g-dnxZQm-dny1DW-dnxXdQ-dnxWt1-dnxW9P-dnxT9K-dnxWCb-dnxShZ-dnxSqM-dnxZbU-dnxZ25-dnxTwV-dnxVwK-dny18L-dny1t7-dnxWLL-dnxXWN\/\" target=\"_blank\">Foto desde la cruz de Miguel Gacel<\/a><\/td>\n<\/tr>\n<\/tbody>\n<\/table>\n<p>El plan para ese d\u00eda es el siguiente:<\/p>\n<ul>\n<li>11:00 Llegada a <a href=\"https:\/\/www.google.es\/maps\/dir\/\/Parque+de+Ol%C3%A1rizu,+Avenida+de+Olarizu,+s%2Fn,+01006+Vitoria-Gasteiz,+%C3%81lava\/@42.8299668,-2.6652487,14z\/data=!4m12!1m3!3m2!1s0x0:0xbe80d1698895fa1c!2sParque+de+Ol%C3%A1rizu!4m7!1m0!1m5!1m1!1s0xd4fe9d688034d39:0xbe80d1698895fa1c!2m2!1d-2.662983!2d42.829601\" target=\"_blank\">Olarizu<\/a>.<\/li>\n<li>11:30 Subida a la cruz. En la cima&nbsp;quienes subamos tomaremos&nbsp;el almuerzo.<\/li>\n<li>13:00 Gynkana (para hacerla necesitaremos voluntarios\/as).<\/li>\n<li>14:30 Comida popular (tra\u00edda de casa). Comer y rascar todo es empezar.&nbsp;<\/li>\n<li>15:30 Juegos de mesa para&nbsp;<a href=\"mailto:todo@s\">todo@s<\/a> (traeros de casa lo que m\u00e1s os guste).<\/li>\n<li>17:00 Iniciaci\u00f3n al&nbsp;b\u00e9isbol (softball).<\/li>\n<li>18:00 Recogida y fin de fiesta.<\/li>\n<\/ul>\n<p>Esperemos que el tiempo nos acompa\u00f1e. Nos vemos el domingo 14&nbsp; \ud83d\ude09<\/p>\n","protected":false},"excerpt":{"rendered":"<p>El pr\u00f3ximo&nbsp;domingo 14 de septiembre nos juntaremos en el parque de Olarizu a pasar el d\u00eda. Ser\u00e1 la v\u00edspera de la romer\u00eda y seguro que el espacio estar\u00e1 de por s\u00ed animado. A eso de las 11 llegaremos las primeras familias para ir ocupando las mesas&nbsp;entre la casa de la Dehesa y la fuente.&nbsp;En esa [&hellip;]<\/p>\n","protected":false},"author":6,"featured_media":0,"comment_status":"open","ping_status":"open","sticky":false,"template":"","format":"standard","meta":{"_acf_changed":false,"footnotes":""},"categories":[1],"tags":[],"class_list":["post-237","post","type-post","status-publish","format-standard","hentry","category-sin-categorizar"],"acf":[],"_links":{"self":[{"href":"https:\/\/www.umealaia.org\/araba\/wp-json\/wp\/v2\/posts\/237","targetHints":{"allow":["GET"]}}],"collection":[{"href":"https:\/\/www.umealaia.org\/araba\/wp-json\/wp\/v2\/posts"}],"about":[{"href":"https:\/\/www.umealaia.org\/araba\/wp-json\/wp\/v2\/types\/post"}],"author":[{"embeddable":true,"href":"https:\/\/www.umealaia.org\/araba\/wp-json\/wp\/v2\/users\/6"}],"replies":[{"embeddable":true,"href":"https:\/\/www.umealaia.org\/araba\/wp-json\/wp\/v2\/comments?post=237"}],"version-history":[{"count":0,"href":"https:\/\/www.umealaia.org\/araba\/wp-json\/wp\/v2\/posts\/237\/revisions"}],"wp:attachment":[{"href":"https:\/\/www.umealaia.org\/araba\/wp-json\/wp\/v2\/media?parent=237"}],"wp:term":[{"taxonomy":"category","embeddable":true,"href":"https:\/\/www.umealaia.org\/araba\/wp-json\/wp\/v2\/categories?post=237"},{"taxonomy":"post_tag","embeddable":true,"href":"https:\/\/www.umealaia.org\/araba\/wp-json\/wp\/v2\/tags?post=237"}],"curies":[{"name":"wp","href":"https:\/\/api.w.org\/{rel}","templated":true}]}}