{"id":233,"date":"2014-11-04T14:36:00","date_gmt":"2014-11-04T13:36:00","guid":{"rendered":"https:\/\/www.umealaia.org\/araba\/2014\/11\/04\/i-seminario-sobre-adopcion\/"},"modified":"2014-11-04T14:36:00","modified_gmt":"2014-11-04T13:36:00","slug":"i-seminario-sobre-adopcion","status":"publish","type":"post","link":"https:\/\/www.umealaia.org\/araba\/2014\/11\/04\/i-seminario-sobre-adopcion\/","title":{"rendered":"I Seminario sobre Adopci\u00f3n"},"content":{"rendered":"<p>Desde Ume Alaia Araba queremos invitaros a participar en el primer Seminario<br \/>sobre Adopci\u00f3n con el tema: \u201cTERAPIAS. Herramientas para la reparaci\u00f3n en<br \/>personas adoptadas\u201d.<\/p>\n<p>Este seminario se realizar\u00e1 los d\u00edas 28 y 29 de noviembre en el Colegio San<br \/>Prudencio de Vitoria-Gasteiz.<\/p>\n<p>No os perd\u00e1is esta oportunidad para conocer a fondo, tanto las terapias<br \/>tradicionales como terapias m\u00e1s innovadoras, que podr\u00e1n ayudar no s\u00f3lo a los<br \/>ni\u00f1os y ni\u00f1as adoptados sino a toda la familia.<\/p>\n<ul>\n<li><a href=\"https:\/\/docs.google.com\/forms\/d\/1PRBwtn13-NaSmhxdwX8xdHmNGAl3uIkGd68CDAaIVLU\/viewform\" target=\"_blank\">Inscripci\u00f3n&nbsp;<\/a><\/li>\n<li>M\u00e1s informaci\u00f3n y programaci\u00f3n de la actividad en el cartel&nbsp; <\/li>\n<\/ul>\n<div style=\"clear: both;text-align: center\"><a href=\"http:\/\/2.bp.blogspot.com\/-H7r8wrWCgbg\/VFjVs8qHqAI\/AAAAAAAAOUk\/gRR8AATu2sY\/s1600\/cartel.png\" style=\"margin-left: 1em;margin-right: 1em\"><img loading=\"lazy\" decoding=\"async\" border=\"0\" src=\"http:\/\/2.bp.blogspot.com\/-H7r8wrWCgbg\/VFjVs8qHqAI\/AAAAAAAAOUk\/gRR8AATu2sY\/s1600\/cartel.png\" height=\"400\" width=\"297\" \/><\/a><\/div>\n<p><\/p>\n","protected":false},"excerpt":{"rendered":"<p>Desde Ume Alaia Araba queremos invitaros a participar en el primer Seminariosobre Adopci\u00f3n con el tema: \u201cTERAPIAS. Herramientas para la reparaci\u00f3n enpersonas adoptadas\u201d. Este seminario se realizar\u00e1 los d\u00edas 28 y 29 de noviembre en el Colegio SanPrudencio de Vitoria-Gasteiz. No os perd\u00e1is esta oportunidad para conocer a fondo, tanto las terapiastradicionales como terapias m\u00e1s [&hellip;]<\/p>\n","protected":false},"author":6,"featured_media":0,"comment_status":"open","ping_status":"open","sticky":false,"template":"","format":"standard","meta":{"_acf_changed":false,"footnotes":""},"categories":[1],"tags":[],"class_list":["post-233","post","type-post","status-publish","format-standard","hentry","category-sin-categorizar"],"acf":[],"_links":{"self":[{"href":"https:\/\/www.umealaia.org\/araba\/wp-json\/wp\/v2\/posts\/233","targetHints":{"allow":["GET"]}}],"collection":[{"href":"https:\/\/www.umealaia.org\/araba\/wp-json\/wp\/v2\/posts"}],"about":[{"href":"https:\/\/www.umealaia.org\/araba\/wp-json\/wp\/v2\/types\/post"}],"author":[{"embeddable":true,"href":"https:\/\/www.umealaia.org\/araba\/wp-json\/wp\/v2\/users\/6"}],"replies":[{"embeddable":true,"href":"https:\/\/www.umealaia.org\/araba\/wp-json\/wp\/v2\/comments?post=233"}],"version-history":[{"count":0,"href":"https:\/\/www.umealaia.org\/araba\/wp-json\/wp\/v2\/posts\/233\/revisions"}],"wp:attachment":[{"href":"https:\/\/www.umealaia.org\/araba\/wp-json\/wp\/v2\/media?parent=233"}],"wp:term":[{"taxonomy":"category","embeddable":true,"href":"https:\/\/www.umealaia.org\/araba\/wp-json\/wp\/v2\/categories?post=233"},{"taxonomy":"post_tag","embeddable":true,"href":"https:\/\/www.umealaia.org\/araba\/wp-json\/wp\/v2\/tags?post=233"}],"curies":[{"name":"wp","href":"https:\/\/api.w.org\/{rel}","templated":true}]}}