{"id":232,"date":"2014-11-12T23:08:00","date_gmt":"2014-11-12T22:08:00","guid":{"rendered":"https:\/\/www.umealaia.org\/araba\/2014\/11\/12\/investigadoras-de-la-universidad-de-deusto-nos-piden-colaborar-en-un-estudio-sobre-origenes-y-adopcion\/"},"modified":"2014-11-12T23:08:00","modified_gmt":"2014-11-12T22:08:00","slug":"investigadoras-de-la-universidad-de-deusto-nos-piden-colaborar-en-un-estudio-sobre-origenes-y-adopcion","status":"publish","type":"post","link":"https:\/\/www.umealaia.org\/araba\/2014\/11\/12\/investigadoras-de-la-universidad-de-deusto-nos-piden-colaborar-en-un-estudio-sobre-origenes-y-adopcion\/","title":{"rendered":"Investigadoras de la Universidad de Deusto nos piden colaborar en un estudio sobre or\u00edgenes y adopci\u00f3n"},"content":{"rendered":"<p>El grupo de <a href=\"http:\/\/www.deustofamilypsych.esy.es\/\">Deusto FamilyPsych<\/a> de la Universidad de Deusto contact\u00f3 recientemente con la asociaci\u00f3n, para presentarnos un proyecto de investigaci\u00f3n y para invitarnos a participar y&nbsp;colaborar.<\/p>\n<p>El estudio se centra en la exploraci\u00f3n de las posibles dificultades o necesidades que se pueden presentar al tratar el origen con los hijos e hijas adoptados, para finalmente poder dise\u00f1ar futuros talleres y actividades que ayuden a  trabajar todos los aspectos relacionados con la comunicaci\u00f3n de or\u00edgenes. El fin no es otro que el de orientar y apoyar a las familias adoptivas en tan dif\u00edcil tarea.<\/p>\n<p>La participaci\u00f3n que nos piden es formar parte de un grupo de discusi\u00f3n con varios padres y madres, \u00fanicamente en una sesi\u00f3n de&nbsp;una hora y media&nbsp;o dos horas de duraci\u00f3n.<\/p>\n<p>Desde Ume Alaia Araba os animamos a formar parte de esta investigaci\u00f3n, si desearais participar o quisierais m\u00e1s informaci\u00f3n enviadnos un email a <a href=\"mailto:umealaia.araba@gmail.com\">umealaia.araba@gmail.com<\/a><\/p>\n","protected":false},"excerpt":{"rendered":"<p>El grupo de Deusto FamilyPsych de la Universidad de Deusto contact\u00f3 recientemente con la asociaci\u00f3n, para presentarnos un proyecto de investigaci\u00f3n y para invitarnos a participar y&nbsp;colaborar. El estudio se centra en la exploraci\u00f3n de las posibles dificultades o necesidades que se pueden presentar al tratar el origen con los hijos e hijas adoptados, para [&hellip;]<\/p>\n","protected":false},"author":6,"featured_media":0,"comment_status":"open","ping_status":"open","sticky":false,"template":"","format":"standard","meta":{"_acf_changed":false,"footnotes":""},"categories":[1],"tags":[],"class_list":["post-232","post","type-post","status-publish","format-standard","hentry","category-sin-categorizar"],"acf":[],"_links":{"self":[{"href":"https:\/\/www.umealaia.org\/araba\/wp-json\/wp\/v2\/posts\/232","targetHints":{"allow":["GET"]}}],"collection":[{"href":"https:\/\/www.umealaia.org\/araba\/wp-json\/wp\/v2\/posts"}],"about":[{"href":"https:\/\/www.umealaia.org\/araba\/wp-json\/wp\/v2\/types\/post"}],"author":[{"embeddable":true,"href":"https:\/\/www.umealaia.org\/araba\/wp-json\/wp\/v2\/users\/6"}],"replies":[{"embeddable":true,"href":"https:\/\/www.umealaia.org\/araba\/wp-json\/wp\/v2\/comments?post=232"}],"version-history":[{"count":0,"href":"https:\/\/www.umealaia.org\/araba\/wp-json\/wp\/v2\/posts\/232\/revisions"}],"wp:attachment":[{"href":"https:\/\/www.umealaia.org\/araba\/wp-json\/wp\/v2\/media?parent=232"}],"wp:term":[{"taxonomy":"category","embeddable":true,"href":"https:\/\/www.umealaia.org\/araba\/wp-json\/wp\/v2\/categories?post=232"},{"taxonomy":"post_tag","embeddable":true,"href":"https:\/\/www.umealaia.org\/araba\/wp-json\/wp\/v2\/tags?post=232"}],"curies":[{"name":"wp","href":"https:\/\/api.w.org\/{rel}","templated":true}]}}